{"id":68042,"date":"2015-12-15T00:07:04","date_gmt":"2015-12-14T23:07:04","guid":{"rendered":"http:\/\/www.leccecronaca.it\/?p=68042"},"modified":"2015-12-14T21:14:49","modified_gmt":"2015-12-14T20:14:49","slug":"dafarediariodelgiornoprima","status":"publish","type":"post","link":"https:\/\/www.leccecronaca.it\/index.php\/2015\/12\/15\/dafarediariodelgiornoprima\/","title":{"rendered":"DIARIO DELGIORNO PRIMA \/ IL TAM TAM DI FRANCESCO"},"content":{"rendered":"<p><strong>I<a href=\"https:\/\/www.leccecronaca.it\/wordpress\/wp-content\/uploads\/2015\/12\/124532815-dda0acb0-3932-4f29-9010-e1320042f348.jpg\"><img decoding=\"async\" loading=\"lazy\" width=\"300\" height=\"300\" title=\"124532815-dda0acb0-3932-4f29-9010-e1320042f348\" class=\"alignleft size-full wp-image-68125\" alt=\"\" src=\"https:\/\/www.leccecronaca.it\/wordpress\/wp-content\/uploads\/2015\/12\/124532815-dda0acb0-3932-4f29-9010-e1320042f348.jpg\" srcset=\"https:\/\/www.leccecronaca.it\/wordpress\/wp-content\/uploads\/2015\/12\/124532815-dda0acb0-3932-4f29-9010-e1320042f348.jpg 300w, https:\/\/www.leccecronaca.it\/wordpress\/wp-content\/uploads\/2015\/12\/124532815-dda0acb0-3932-4f29-9010-e1320042f348-150x150.jpg 150w\" sizes=\"(max-width: 300px) 100vw, 300px\" \/><\/a>TALIA_____<\/strong><\/p>\n<p>Claudio Usala, 30 anni, \u00e8 titolare di un&#8217;agenzia pubblicitaria di Cagliari con dodici dipendenti, la V-connect. Temeva per\u00f2 di perderla e cos\u00ec ha pensato di farla finita in un maniera eclatante. Si \u00e8 presentato alle 9.45 del mattino a Villa San Martino, la residenza di Silvio Berlusconi, ad Arcore con i vestiti gi\u00e0 impregnati di benzina e un accendino in mano. Poi, davanti ai carabinieri che sorvegliano la residenza si \u00e8 dato fuoco.<\/p>\n<p>Il motivo del gesto lo ha spiegato pi\u00f9 tardi in ospedale, nel reparto ustionati del Niguarda, dove si trova ricoverato in gravi condizioni.<\/p>\n<p>Due giorni fa per\u00f2 la banca gli ha comunicato la drastica riduzione del fido &#8211; questo \u00e8 ci\u00f2 che ha spiegato ai carabinieri che gli hanno salvato la vita &#8211; e cos\u00ec la sua azienda rischia il collasso.<\/p>\n<p><strong>MONDO______<\/strong><\/p>\n<p>Marine Le Pen \u00e8 certamente delusa dal risultato delle elezioni regionali, che ha visto soccombere il Front National nei ballottaggi, a cui gli elettori francesi hanno fatto registrare un&#8217;affluenza alle urne di circa il 58% contro il 50% del primo turno. In realt\u00e0, il Front National tra primo e secondo turno ha guadagnato 800mila voti, ma \u00e8 stata proprio la pi\u00f9 alta affluenza alle urne a penalizzarlo in termini percentuali.<\/p>\n<p>Il premier socialista Manuel Valls, pur ringraziando gli elettori che hanno risposto all&#8217;appello della sinistra per scongiurare una vittoria del Front National che secondo loro\u00a0avrebbe portato la Francia alla &#8220;guerra civile&#8221;, h invece dichiarato:\u00a0&#8220;Non manifestiamo alcun sollievo, alcun trionfalismo, non abbiamo bollettini di vittoria, il pericolo dell&#8217;estrema destra non \u00e8 stato messo da parte, tutt&#8217;altro. Non dimentico i risultati del primo turno e le elezioni recenti. Sento la responsabilit\u00e0 che pesa su di me e quella del governo posto sotto l&#8217;autorit\u00e0 del presidente della Repubblica. Tutto questo ci impone di prestare pi\u00f9 ascolto ai francesi&#8221;.<\/p>\n<p>Sulla stessa linea NIcholas Sarkozy: &#8220;Al primo turno, la performance del Front National \u00e8 stata come un avviso spedito a tutti i politici, noi compresi. E adesso dobbiamo prenderci il tempo per una dibattito approfondito sulle ragioni delle preoccupazioni dei francesi, che aspettano precise e forti risposte, in particolare su Europa, disoccupazione, sicurezza e identit\u00e0 nazionale&#8221;.<\/p>\n<p>&nbsp;<\/p>\n<fb:like href='https:\/\/www.leccecronaca.it\/index.php\/2015\/12\/15\/dafarediariodelgiornoprima\/' send='true' layout='button_count' show_faces='true' width='450' height='65' action='recommend' colorscheme='light' font='lucida grande'><\/fb:like><span class=\"fb_share\"><fb:like href=\"https:\/\/www.leccecronaca.it\/index.php\/2015\/12\/15\/dafarediariodelgiornoprima\/\" layout=\"button_count\"><\/fb:like><\/span>","protected":false},"excerpt":{"rendered":"<p>ITALIA_____ Claudio Usala, 30 anni, \u00e8 titolare di un&#8217;agenzia pubblicitaria di Cagliari con dodici dipendenti, la V-connect. Temeva per\u00f2 di perderla e cos\u00ec ha pensato di farla finita in un maniera eclatante. Si \u00e8 presentato alle 9.45 del mattino a Villa San Martino, la residenza di Silvio Berlusconi, ad Arcore con i vestiti gi\u00e0 impregnati [&hellip;]<\/p>\n","protected":false},"author":4,"featured_media":68125,"comment_status":"open","ping_status":"closed","sticky":false,"template":"","format":"standard","meta":[],"categories":[1],"tags":[],"_links":{"self":[{"href":"https:\/\/www.leccecronaca.it\/index.php\/wp-json\/wp\/v2\/posts\/68042"}],"collection":[{"href":"https:\/\/www.leccecronaca.it\/index.php\/wp-json\/wp\/v2\/posts"}],"about":[{"href":"https:\/\/www.leccecronaca.it\/index.php\/wp-json\/wp\/v2\/types\/post"}],"author":[{"embeddable":true,"href":"https:\/\/www.leccecronaca.it\/index.php\/wp-json\/wp\/v2\/users\/4"}],"replies":[{"embeddable":true,"href":"https:\/\/www.leccecronaca.it\/index.php\/wp-json\/wp\/v2\/comments?post=68042"}],"version-history":[{"count":3,"href":"https:\/\/www.leccecronaca.it\/index.php\/wp-json\/wp\/v2\/posts\/68042\/revisions"}],"predecessor-version":[{"id":68124,"href":"https:\/\/www.leccecronaca.it\/index.php\/wp-json\/wp\/v2\/posts\/68042\/revisions\/68124"}],"wp:featuredmedia":[{"embeddable":true,"href":"https:\/\/www.leccecronaca.it\/index.php\/wp-json\/wp\/v2\/media\/68125"}],"wp:attachment":[{"href":"https:\/\/www.leccecronaca.it\/index.php\/wp-json\/wp\/v2\/media?parent=68042"}],"wp:term":[{"taxonomy":"category","embeddable":true,"href":"https:\/\/www.leccecronaca.it\/index.php\/wp-json\/wp\/v2\/categories?post=68042"},{"taxonomy":"post_tag","embeddable":true,"href":"https:\/\/www.leccecronaca.it\/index.php\/wp-json\/wp\/v2\/tags?post=68042"}],"curies":[{"name":"wp","href":"https:\/\/api.w.org\/{rel}","templated":true}]}}