{"id":68048,"date":"2025-12-14T00:01:00","date_gmt":"2025-12-13T23:01:00","guid":{"rendered":"http:\/\/www.leccecronaca.it\/?p=68048"},"modified":"2025-12-13T11:44:03","modified_gmt":"2025-12-13T10:44:03","slug":"buongiorno-per-tutto-il-giorno-53","status":"publish","type":"post","link":"https:\/\/www.leccecronaca.it\/index.php\/2025\/12\/14\/buongiorno-per-tutto-il-giorno-53\/","title":{"rendered":"DIARIO DEL GIORNO \/ DOMENICA 14 DICEMBRE 2025"},"content":{"rendered":"<p><a href=\"https:\/\/www.leccecronaca.it\/wordpress\/wp-content\/uploads\/2015\/12\/1024px-DaytonAgreement.jpg\"><img decoding=\"async\" loading=\"lazy\" class=\"alignleft size-medium wp-image-68054\" title=\"1024px-DaytonAgreement\" src=\"https:\/\/www.leccecronaca.it\/wordpress\/wp-content\/uploads\/2015\/12\/1024px-DaytonAgreement-300x198.jpg\" alt=\"\" width=\"300\" height=\"198\" srcset=\"https:\/\/www.leccecronaca.it\/wordpress\/wp-content\/uploads\/2015\/12\/1024px-DaytonAgreement-300x198.jpg 300w, https:\/\/www.leccecronaca.it\/wordpress\/wp-content\/uploads\/2015\/12\/1024px-DaytonAgreement.jpg 1024w\" sizes=\"(max-width: 300px) 100vw, 300px\" \/><\/a>Buongiorno!<\/p>\n<p>Oggi \u00e8 domenica 14 dicembre 2025.<\/p>\n<p>La Chiesa celebra il suo dottore, mistico carmelitano, San Giovanni della Croce, spagnolo, vissuto nel XVI secolo.<\/p>\n<p>Trenta anni fa, come oggi, nel 1995, gli accordi di Dayton per la pace in Bosnia vengono firmati a Parigi tra il presidente bosniaco Alija Izetbegovic, il presidente serbo Slobodan Milo\u0161evi\u0107, e il presidente croato Franjo Tu\u0111man. La Jugoslavia non esiste pi\u00f9, dopo l&#8217;intervento della Nato.<\/p>\n<p>Proverbio salentino: <strong>AMICU TE TUTTI E FEDELE A NISCIUNU<\/strong><br \/>\nAmico di tutti e fedele a nessuno.<br \/>\nIl filosofo Schopenhauer sosteneva che \u00a0&#8221; Chi \u00e8 amico di tutti non \u00e8 amico di nessuno&#8221;. E&#8217; bene ricordare queste parole specie in questo periodo in cui sono in tanti a dichiarare di avere centinaia o addirittura migliaia di amici conosciuti sui social network.<\/p>\n<fb:like href='https:\/\/www.leccecronaca.it\/index.php\/2025\/12\/14\/buongiorno-per-tutto-il-giorno-53\/' send='true' layout='button_count' show_faces='true' width='450' height='65' action='recommend' colorscheme='light' font='lucida grande'><\/fb:like><span class=\"fb_share\"><fb:like href=\"https:\/\/www.leccecronaca.it\/index.php\/2025\/12\/14\/buongiorno-per-tutto-il-giorno-53\/\" layout=\"button_count\"><\/fb:like><\/span>","protected":false},"excerpt":{"rendered":"<p>Buongiorno! Oggi \u00e8 domenica 14 dicembre 2025. La Chiesa celebra il suo dottore, mistico carmelitano, San Giovanni della Croce, spagnolo, vissuto nel XVI secolo. Trenta anni fa, come oggi, nel 1995, gli accordi di Dayton per la pace in Bosnia vengono firmati a Parigi tra il presidente bosniaco Alija Izetbegovic, il presidente serbo Slobodan Milo\u0161evi\u0107, [&hellip;]<\/p>\n","protected":false},"author":4,"featured_media":68054,"comment_status":"open","ping_status":"closed","sticky":false,"template":"","format":"standard","meta":[],"categories":[1],"tags":[],"_links":{"self":[{"href":"https:\/\/www.leccecronaca.it\/index.php\/wp-json\/wp\/v2\/posts\/68048"}],"collection":[{"href":"https:\/\/www.leccecronaca.it\/index.php\/wp-json\/wp\/v2\/posts"}],"about":[{"href":"https:\/\/www.leccecronaca.it\/index.php\/wp-json\/wp\/v2\/types\/post"}],"author":[{"embeddable":true,"href":"https:\/\/www.leccecronaca.it\/index.php\/wp-json\/wp\/v2\/users\/4"}],"replies":[{"embeddable":true,"href":"https:\/\/www.leccecronaca.it\/index.php\/wp-json\/wp\/v2\/comments?post=68048"}],"version-history":[{"count":16,"href":"https:\/\/www.leccecronaca.it\/index.php\/wp-json\/wp\/v2\/posts\/68048\/revisions"}],"predecessor-version":[{"id":252794,"href":"https:\/\/www.leccecronaca.it\/index.php\/wp-json\/wp\/v2\/posts\/68048\/revisions\/252794"}],"wp:featuredmedia":[{"embeddable":true,"href":"https:\/\/www.leccecronaca.it\/index.php\/wp-json\/wp\/v2\/media\/68054"}],"wp:attachment":[{"href":"https:\/\/www.leccecronaca.it\/index.php\/wp-json\/wp\/v2\/media?parent=68048"}],"wp:term":[{"taxonomy":"category","embeddable":true,"href":"https:\/\/www.leccecronaca.it\/index.php\/wp-json\/wp\/v2\/categories?post=68048"},{"taxonomy":"post_tag","embeddable":true,"href":"https:\/\/www.leccecronaca.it\/index.php\/wp-json\/wp\/v2\/tags?post=68048"}],"curies":[{"name":"wp","href":"https:\/\/api.w.org\/{rel}","templated":true}]}}