{"id":68264,"date":"2015-12-16T15:12:24","date_gmt":"2015-12-16T14:12:24","guid":{"rendered":"http:\/\/www.leccecronaca.it\/?p=68264"},"modified":"2015-12-16T15:35:44","modified_gmt":"2015-12-16T14:35:44","slug":"la-giovane-cantante-salentina-transgender-racconta-a-leccecronaca-it-la-sua-passione-per-la-lirica-emily-de-salve-sogno-il-palcoscenico-del-petruzzelli-intanto-continuo-a-studiare-e-nel-mio-cuor","status":"publish","type":"post","link":"https:\/\/www.leccecronaca.it\/index.php\/2015\/12\/16\/la-giovane-cantante-salentina-transgender-racconta-a-leccecronaca-it-la-sua-passione-per-la-lirica-emily-de-salve-sogno-il-palcoscenico-del-petruzzelli-intanto-continuo-a-studiare-e-nel-mio-cuor\/","title":{"rendered":"LA GIOVANE CANTANTE SALENTINA TRANSGENDER RACCONTA A leccecronaca.it LA SUA PASSIONE PER LA LIRICA. EMILY DE SALVE: &#8220;Sogno il palcoscenico del Petruzzelli, intanto continuo a studiare. E nel mio cuore c&#8217;\u00e8&#8230;Giuseppe Verdi!&#8221;"},"content":{"rendered":"<p><a href=\"https:\/\/www.leccecronaca.it\/wordpress\/wp-content\/uploads\/2015\/12\/2-EmilyDeSalve-1.jpg\"><img decoding=\"async\" loading=\"lazy\" width=\"480\" height=\"611\" title=\"2-EmilyDeSalve (1)\" class=\"alignleft size-full wp-image-68270\" alt=\"\" src=\"https:\/\/www.leccecronaca.it\/wordpress\/wp-content\/uploads\/2015\/12\/2-EmilyDeSalve-1.jpg\" srcset=\"https:\/\/www.leccecronaca.it\/wordpress\/wp-content\/uploads\/2015\/12\/2-EmilyDeSalve-1.jpg 480w, https:\/\/www.leccecronaca.it\/wordpress\/wp-content\/uploads\/2015\/12\/2-EmilyDeSalve-1-235x300.jpg 235w\" sizes=\"(max-width: 480px) 100vw, 480px\" \/><\/a><a href=\"https:\/\/www.leccecronaca.it\/wordpress\/wp-content\/uploads\/2015\/12\/3-DeSalveBIFEST2014.jpg\"><img decoding=\"async\" loading=\"lazy\" width=\"1155\" height=\"769\" title=\"3-DeSalveBIFEST2014\" class=\"alignleft size-full wp-image-68273\" alt=\"\" src=\"https:\/\/www.leccecronaca.it\/wordpress\/wp-content\/uploads\/2015\/12\/3-DeSalveBIFEST2014.jpg\" srcset=\"https:\/\/www.leccecronaca.it\/wordpress\/wp-content\/uploads\/2015\/12\/3-DeSalveBIFEST2014.jpg 1155w, https:\/\/www.leccecronaca.it\/wordpress\/wp-content\/uploads\/2015\/12\/3-DeSalveBIFEST2014-300x199.jpg 300w, https:\/\/www.leccecronaca.it\/wordpress\/wp-content\/uploads\/2015\/12\/3-DeSalveBIFEST2014-1024x681.jpg 1024w\" sizes=\"(max-width: 1155px) 100vw, 1155px\" \/><\/a><a href=\"https:\/\/www.leccecronaca.it\/wordpress\/wp-content\/uploads\/2015\/12\/4-DeSalveMissMagen2014-2.jpg\"><img decoding=\"async\" loading=\"lazy\" width=\"960\" height=\"640\" title=\"4-DeSalveMissMagen2014 (2)\" class=\"alignleft size-full wp-image-68274\" alt=\"\" src=\"https:\/\/www.leccecronaca.it\/wordpress\/wp-content\/uploads\/2015\/12\/4-DeSalveMissMagen2014-2.jpg\" srcset=\"https:\/\/www.leccecronaca.it\/wordpress\/wp-content\/uploads\/2015\/12\/4-DeSalveMissMagen2014-2.jpg 960w, https:\/\/www.leccecronaca.it\/wordpress\/wp-content\/uploads\/2015\/12\/4-DeSalveMissMagen2014-2-300x200.jpg 300w\" sizes=\"(max-width: 960px) 100vw, 960px\" \/><\/a><a href=\"https:\/\/www.leccecronaca.it\/wordpress\/wp-content\/uploads\/2015\/12\/5-DeSalveGranSacerdote2015.jpg\"><img decoding=\"async\" loading=\"lazy\" width=\"857\" height=\"598\" title=\"5-DeSalveGranSacerdote2015\" class=\"alignleft size-full wp-image-68275\" alt=\"\" src=\"https:\/\/www.leccecronaca.it\/wordpress\/wp-content\/uploads\/2015\/12\/5-DeSalveGranSacerdote2015.jpg\" srcset=\"https:\/\/www.leccecronaca.it\/wordpress\/wp-content\/uploads\/2015\/12\/5-DeSalveGranSacerdote2015.jpg 857w, https:\/\/www.leccecronaca.it\/wordpress\/wp-content\/uploads\/2015\/12\/5-DeSalveGranSacerdote2015-300x209.jpg 300w\" sizes=\"(max-width: 857px) 100vw, 857px\" \/><\/a>di<strong> Carlo Infante______<\/strong><\/p>\n<p>Incontriamo Emily De Salve, 35 anni, romanticissima cantante lirica salentina,\u00a0baritono, la prima transgender in assoluto ad essere ammessa in un conservatorio di musica italiano, proprio la sera in cui in tv, su Rai 1,\u00a0\u00e8 andato\u00a0in onda uno spettacolo sulla grande Maria Callas.<\/p>\n<p>&#8211; ..Forse, Emily ha qualcosa da dirci in merito: qual \u00e8 stata la Sua impressione?<\/p>\n<p><strong><em>\u00abMah, non mi ha entusiasmata pi\u00f9 di tanto&#8230;La vita della Callas non la si pu\u00f2 recitare, n\u00e9 spiegare, perch\u00e8 credo sia stata unica, in tutto il suo successo musicale, come nelle sue sfortunate vicende amorose\u00bb.<\/em><\/strong><\/p>\n<p>&#8211;\u00a0Visto che abbiamo cominciato con una Stella assoluta della Lirica e, visto che anche Lei \u00e8 salentina, rimaniamo in zona: che ne pensa della voce di Tito Schipa? Come sa, il 16 dicembre, cadr\u00e0 il cinquantenario della scomparsa&#8230;<\/p>\n<p><strong><em>\u00abIl grande Tito Schipa \u00e8 sempre stato, per me, un esempio di emissione vocale, purezza del suono, dizione chiara, non vorrei sembrare esagerata, ma credo sia stato il pi\u00f9 grande tenore del Novecento. Visiter\u00f2 il museo dedicatogli, ne sarei davvero felice!\u00bb.\u00a0<\/em><\/strong><\/p>\n<p>&#8211; Lei\u00a0\u00e8 nata\u00a0sotto il segno del Toro, a Nard\u00f2, ed ha vissuto\u00a0a Tuglie, dunque, fu l\u00e0 che sbocci\u00f2 la Sua grande passione per la musica ed il canto? Vuol parlarci dei Suoi inizi?<\/p>\n<p><strong><em>\u00abLa passione per la musica si manifest\u00f2 in tenera et\u00e0, cantando nel coro della Chiesa Madre, per poi intraprendere gli studi pianistici sotto la guida di Antonella Napoli, diventando cos\u00ec organista principale di tre chiese tugliesi\u00bb.\u00a0<\/em><\/strong><\/p>\n<p>&#8211; Il 7 luglio dello scorso anno, si\u00a0\u00e8 diplomata\u00a0in Canto Lirico, presso il prestigioso Conservatorio Musicale \u201cTito Schipa\u201d di Lecce ma, sappiamo, che, a causa della sua transessualit\u00e0,\u00a0gli inizi non furono facili&#8230;Ce ne vuole parlare?<\/p>\n<p>\u00ab<em><strong>S\u00ec, ammetto di aver avuto molte difficolt\u00e0, dovute al mio essere transgender; la commissione fu molto imbarazzata, tanto da non ammettermi nel 2006, al primo esame di ammissione, ma la mia testardaggine ha voluto che mi ripresentassi nel 2009, venendo ammessa in esperimento, per poi essere promossa al secondo anno, data la preparazione musicale e gli esiti degli esami ottimi. Ho ottenuto, quindi, un diploma con massimo dei voti e lode!\u00bb.\u00a0<\/strong><\/em><\/p>\n<p>&#8211; Nel 2013 Lei ha preso parte al film-documentario \u201cUnique\u201d, del regista barese Gianni Torres, spezzone intitolato \u201cLa cantantessa &#8211; per lo spettacolo\u201d, presentato, in prima mondiale, come evento speciale, al prestigioso \u201cBIFEST 2014\u201d. Vuole parlarci di questa esperienza?<\/p>\n<p><strong><em>\u00abPrendere parte al documentario internazionale \u201cUnique\u201d \u00e8 stata un\u2019esperienza fantastica. Ho ricevuto grandi consensi di pubblico e di critica al BIFEST, con la presenza di Mariela Castro (nipote di Fidel), grande attivista per i diritti LGBT a Cuba. Questo documentario in seguito ha girato l\u2019Italia, in tutti i pi\u00f9 importanti festival del cinema\u00bb.\u00a0<\/em><\/strong><\/p>\n<p>&#8211; Quali sono le due arie d\u2019Opera che canta con maggiore piacere?<\/p>\n<p><strong><em>\u00abIl mio repertorio spazia dal Barocco al\u00a0Novecento e, solitamente, prediligo arie che mettano in mostra il mio legato e registro centrale. Il mio amore \u00e8 Giuseppe Verdi, infatti il mio debutto \u00e8 avvenuto con una delle sue opere pi\u00f9 rappresentate, il \u201cNabucco\u201d, cantando il ruolo del Gran Sacerdote, con ottimi risultati\u00bb.\u00a0<\/em><\/strong><\/p>\n<p>&#8211; In campo operistico, qual \u00e8 il Suo cantante preferito? E quale la cantante preferita?<\/p>\n<p>\u00ab<strong><em>Sono un po\u2019 restia ad ascoltare cantanti dei giorni nostri, perch\u00e9 credo non ci sia pi\u00f9 la tecnica e le voci di una volta. Ora si corre troppo, e si cantano ruoli non adatti alle vocalit\u00e0 pur di cantare, e cio\u2019 fa si che le voci, seppur belle, durino poco. I miei soprani preferiti: Tebaldi, Sutherland, Devia e Gruberova. Per le voci maschili: i grandi baritoni verdiani, Bastianini, Cappuccilli e Nucci. Per i tenori: il gi\u00e0 menzionato Schipa, Pavarotti, Luchetti, King, Lauri Volpi e tanti altri!\u00bb.\u00a0<\/em><\/strong><\/p>\n<p>&#8211; Sappiamo che ascolta molta Musica Lirica ma, anche Leggera, dunque la domanda si ripete: la cantante ed il cantante preferiti? Ed anche le due canzoni (leggere, pop o rock ecc.) preferite e, possibilmente, perch\u00e9?<\/p>\n<p><em><strong>\u00abCome artista italiana amo Laura Pausini, che ha una voce incredibile e una resistenza sconvolgente, non a caso \u00e8 del segno del Toro anche lei! Ascolto anche cantanti americani e canadesi quali Breason, C\u00e9line Dion, Bryan Adams e Mariah Carey: sono molto romantica!\u00bb.\u00a0<\/strong><\/em><\/p>\n<p>&#8211; Si \u00e8 esibita principalmente nel Leccese ma, anche, a Venezia, ci vuol parlare di queste esperienze, ricordandocene le date?<\/p>\n<p><strong><em>\u00abIl mio debutto a Venezia avvenne il 4 ottobre 2014, nella prima mondiale di \u201cMagen Zeit\u201d, opera di Gabriele Cosmi, commissionata per la Biennale College, la \u201cBiennale di Venezia\u201d, 58\u00b0 Festival Internazionale di Musica Contemporanea. Interpretai la protagonista, Miss Magen (baritono), al Teatro \u201cPiccolo Arsenale\u201d. Mentre, nel marzo di quest\u2019anno, ho debuttato come Gran Sacerdote, nel \u201cNabucco\u201d di Verdi. Diretta dal Maestro Francesco Ledda, per la regia di Antonio De Lucia, nella Stagione Lirica Leccese 2015\u00bb.\u00a0<\/em><\/strong><\/p>\n<p>&#8211; A Lecce, il 1\u00b0 dicembre, a Palazzo \u201cTurrisi\u201d, Le \u00e8 stato conferito il Premio \u201cDonna del Sud\u201d (all\u2019impegno nell\u2019Arte\u201d) &#8211; certamente Le avr\u00e0 fatto piacere.\u00a0Anche se&#8230;<\/p>\n<p><strong><em>\u00abE\u2019 stato un grande onore per me essere stata chiamata a ricevere questo premio, nonostante i problemi sorti, visto che la persona che avrebbe dovuto premiarmi si \u00e8 rifiutata perch\u00e9, a suo dire, non sono una donna e una cantante professionista, e queste parole, dette da una docente del Conservatorio \u201cTito Schipa\u201d di Lecce, non fanno schifo, ma ribrezzo! Sono stata quindi premiata da Linda Coclite, avvocato, nonch\u00e9 presidente del Coro Lirico di Lecce, con la quale\u00a0ho avuto il piacere di collaborare, in pi\u00f9 occasioni\u00bb.\u00a0<\/em><\/strong><\/p>\n<p>&#8211; Dal punto di vista artistico, ha un sogno nel cassetto? In caso affermativo, ce lo pu\u00f2 svelare?<\/p>\n<p><strong><em>\u00abIl mio sogno sarebbe quello di calcare i palcoscenici dei maggiori teatri, in Italia ed all\u2019estero, so che \u00e8 difficile, essendo un caso unico, ma io ci credo, e continuo a studiare per perfezionarmi. Sarebbe un sogno cantare nel mio teatro preferito: il \u201cPetruzzelli\u201d!\u00a0 Inoltre, intanto, sono in attesa della messa in onda di un programma televisivo cui ho partecipato e di cui, per ora, non posso rivelare il nome. Ma&#8230;Mi vedrete presto sul grande schermo!\u00bb.\u00a0<\/em><\/strong><\/p>\n<p>&#8211; La domanda che non Le ho fatto?<\/p>\n<p><strong><em>\u00abCome vivo il rapporto con la mia famiglia?\u00a0Adesso molto bene, ho una mamma e una sorella meravigliose, che mi sostengono in tutto quello che faccio, e mi ritengo fortunatissima!\u00bb.<\/em><\/strong><\/p>\n<p><a href=\"https:\/\/www.leccecronaca.it\/wordpress\/wp-content\/uploads\/2015\/12\/1-EmilyDeSalve.jpg\"><img decoding=\"async\" loading=\"lazy\" width=\"720\" height=\"960\" title=\"1-EmilyDeSalve\" class=\"alignleft size-full wp-image-68271\" alt=\"\" src=\"https:\/\/www.leccecronaca.it\/wordpress\/wp-content\/uploads\/2015\/12\/1-EmilyDeSalve.jpg\" srcset=\"https:\/\/www.leccecronaca.it\/wordpress\/wp-content\/uploads\/2015\/12\/1-EmilyDeSalve.jpg 720w, https:\/\/www.leccecronaca.it\/wordpress\/wp-content\/uploads\/2015\/12\/1-EmilyDeSalve-225x300.jpg 225w\" sizes=\"(max-width: 720px) 100vw, 720px\" \/><\/a><\/p>\n<p>&nbsp;<\/p>\n<fb:like href='https:\/\/www.leccecronaca.it\/index.php\/2015\/12\/16\/la-giovane-cantante-salentina-transgender-racconta-a-leccecronaca-it-la-sua-passione-per-la-lirica-emily-de-salve-sogno-il-palcoscenico-del-petruzzelli-intanto-continuo-a-studiare-e-nel-mio-cuor\/' send='true' layout='button_count' show_faces='true' width='450' height='65' action='recommend' colorscheme='light' font='lucida grande'><\/fb:like><span class=\"fb_share\"><fb:like href=\"https:\/\/www.leccecronaca.it\/index.php\/2015\/12\/16\/la-giovane-cantante-salentina-transgender-racconta-a-leccecronaca-it-la-sua-passione-per-la-lirica-emily-de-salve-sogno-il-palcoscenico-del-petruzzelli-intanto-continuo-a-studiare-e-nel-mio-cuor\/\" layout=\"button_count\"><\/fb:like><\/span>","protected":false},"excerpt":{"rendered":"<p>di Carlo Infante______ Incontriamo Emily De Salve, 35 anni, romanticissima cantante lirica salentina,\u00a0baritono, la prima transgender in assoluto ad essere ammessa in un conservatorio di musica italiano, proprio la sera in cui in tv, su Rai 1,\u00a0\u00e8 andato\u00a0in onda uno spettacolo sulla grande Maria Callas. &#8211; ..Forse, Emily ha qualcosa da dirci in merito: qual [&hellip;]<\/p>\n","protected":false},"author":4,"featured_media":0,"comment_status":"open","ping_status":"closed","sticky":false,"template":"","format":"standard","meta":[],"categories":[31],"tags":[44],"_links":{"self":[{"href":"https:\/\/www.leccecronaca.it\/index.php\/wp-json\/wp\/v2\/posts\/68264"}],"collection":[{"href":"https:\/\/www.leccecronaca.it\/index.php\/wp-json\/wp\/v2\/posts"}],"about":[{"href":"https:\/\/www.leccecronaca.it\/index.php\/wp-json\/wp\/v2\/types\/post"}],"author":[{"embeddable":true,"href":"https:\/\/www.leccecronaca.it\/index.php\/wp-json\/wp\/v2\/users\/4"}],"replies":[{"embeddable":true,"href":"https:\/\/www.leccecronaca.it\/index.php\/wp-json\/wp\/v2\/comments?post=68264"}],"version-history":[{"count":6,"href":"https:\/\/www.leccecronaca.it\/index.php\/wp-json\/wp\/v2\/posts\/68264\/revisions"}],"predecessor-version":[{"id":68277,"href":"https:\/\/www.leccecronaca.it\/index.php\/wp-json\/wp\/v2\/posts\/68264\/revisions\/68277"}],"wp:attachment":[{"href":"https:\/\/www.leccecronaca.it\/index.php\/wp-json\/wp\/v2\/media?parent=68264"}],"wp:term":[{"taxonomy":"category","embeddable":true,"href":"https:\/\/www.leccecronaca.it\/index.php\/wp-json\/wp\/v2\/categories?post=68264"},{"taxonomy":"post_tag","embeddable":true,"href":"https:\/\/www.leccecronaca.it\/index.php\/wp-json\/wp\/v2\/tags?post=68264"}],"curies":[{"name":"wp","href":"https:\/\/api.w.org\/{rel}","templated":true}]}}