{"id":68295,"date":"2015-12-16T16:54:04","date_gmt":"2015-12-16T15:54:04","guid":{"rendered":"http:\/\/www.leccecronaca.it\/?p=68295"},"modified":"2015-12-16T16:54:04","modified_gmt":"2015-12-16T15:54:04","slug":"apprendistato-per-giovani-in-germania","status":"publish","type":"post","link":"https:\/\/www.leccecronaca.it\/index.php\/2015\/12\/16\/apprendistato-per-giovani-in-germania\/","title":{"rendered":"APPRENDISTATO PER GIOVANI IN GERMANIA"},"content":{"rendered":"<p><a href=\"https:\/\/www.leccecronaca.it\/wordpress\/wp-content\/uploads\/2015\/12\/1423556489_shutterstock73776610.jpg\"><img decoding=\"async\" loading=\"lazy\" width=\"300\" height=\"119\" title=\"1423556489_shutterstock73776610\" class=\"alignleft size-medium wp-image-68299\" alt=\"\" src=\"https:\/\/www.leccecronaca.it\/wordpress\/wp-content\/uploads\/2015\/12\/1423556489_shutterstock73776610-300x119.jpg\" srcset=\"https:\/\/www.leccecronaca.it\/wordpress\/wp-content\/uploads\/2015\/12\/1423556489_shutterstock73776610-300x119.jpg 300w, https:\/\/www.leccecronaca.it\/wordpress\/wp-content\/uploads\/2015\/12\/1423556489_shutterstock73776610.jpg 775w\" sizes=\"(max-width: 300px) 100vw, 300px\" \/><\/a>Dall&#8217; ufficio- stampa della Provincia di Lecce, riceviamo e volentieri pubblichiamo______<\/p>\n<p>C\u2019\u00e8 tempo fino al 31 dicembre prossimo per candidarsi alle selezioni per svolgere un apprendistato in Germania nell\u2019ambito del progetto europeo \u201cThe job of my life: Mobi Pro-Eu 4.0\u201d (\u201cPromotion of vocational mobility of young people from Europe interested in vocational training\u201d), promosso dal Ministero federale del Lavoro e degli Affari sociali della Germania, che vede l\u2019Ufficio Eures della Provincia di Lecce leader nel numero di posizioni vacanti da offrire ai giovani salentini in cerca di lavoro.<\/p>\n<p>Al centro di Mobi Pro-Eu vi \u00e8 la mobilit\u00e0 formativa dei giovani cittadini europei, ai quali viene data la possibilit\u00e0 di vivere in Germania ed acquisire una professionalit\u00e0 attraverso l\u2019apprendistato, basato sul sistema duale. Tale sistema prevede tre, quattro giorni a settimana di lavoro in azienda, per apprendere i \u201ctrucchi\u201d del mestiere, fare un\u2019esperienza di vita lavorativa e capire ci\u00f2 che \u00e8 importante osservare nei rapporti con i superiori e colleghi e, nello stesso periodo, la frequenza di una scuola professionale per otto, dodici ore di lezione a settimana per apprendere gli specifici contenuti tecnico-professionali e teorici del mestiere e approfondire altre materie complementari.<\/p>\n<p>L\u2019edizione 2016 del progetto prevede l\u2019apprendistato per tre professioni: tecnico meccatronico\u2013tecnologia di refrigerazione, agente di vendita-commercio al dettaglio, fornaio.<\/p>\n<p>Per partecipare \u00e8 necessario avere un\u2019et\u00e0 compresa tra i 18 e i 27 anni (non aver compiuto 28 anni alla data dell\u20191 gennaio 2016, data di inizio del progetto); essere preferibilmente residente\/domiciliato a Lecce e dintorni, perch\u00e9 la preparazione linguistica necessaria si svolger\u00e0 a Lecce (e o provincia) e richiede la frequenza giornaliera del corso gratuito per raggiungere il previsto livello B1 della lingua tedesca; aver terminato il percorso scolastico (se si \u00e8 intrapreso il percorso universitario non aver conseguito la laurea specialistica), avere la nazionalit\u00e0 di uno dei paesi dell\u2019Unione Europea, (non tedesca); non aver completato un percorso di apprendistato in Germania.<\/p>\n<p>I giovani interessati e in possesso dei requisiti richiesti possono inviare la propria candidatura con una e-mail a: eures@provincia.le.it, entro il 31 Dicembre 2015.<\/p>\n<p>Nella e-mail devono indicare nell\u2019oggetto \u201cmobipro-eu 4.0\u201d e la professione prescelta (meccatronica, agente di vendita, fornaio) e allegare una copia del curriculum vitae in italiano ed in inglese salvato in Pdf con cognome e nome.<\/p>\n<p>I candidati idonei riceveranno una mail di convocazione per il colloquio di selezione che si svolger\u00e0 tra il 12 e il 14 Gennaio 2016. Al colloquio saranno convocati non pi\u00f9 di 110 candidati. Nel caso le candidature fossero superiori a tale numero, i candidati ammissibili al colloquio saranno prescelti in base alla cronologia d\u2019arrivo delle domande.<\/p>\n<p>I partecipanti che saranno selezionati per fare l\u2019apprendistato in Germania potranno frequentare un corso gratuito di lingua tedesca, che si terr\u00e0 a Lecce (per il raggiungimento minimo del livello B1, in base al Quadro comune europeo di riferimento per le lingue) e un tirocinio orientativo in un\u2019azienda tedesca. Anche durante questo periodo continuer\u00e0 la formazione linguistica. Il periodo di tirocinio sar\u00e0 retribuito con 818 euro al mese, in modo tale che i giovani siano in grado di sostenere il costo della vita in Germania. E\u2019 previsto anche un rimborso delle spese di viaggio (tra i 300 e i 500 Euro) a secondo della distanza dal luogo di residenza. All\u2019inizio dell\u2019apprendistato, inoltre, ciascun giovane ricever\u00e0 una somma di 500 euro per coprire le spese iniziali di sistemazione in Germania. Durante la formazione \u00e8 prevista la presenza di un tutor.<\/p>\n<p>I giovani che dimostreranno un buon rendimento durante la formazione hanno buone probabilit\u00e0 di essere assunti dall\u2019azienda, in pianta stabile, al termine dell\u2019apprendistato. L\u2019edizione 2015 del progetto di mobilit\u00e0 professionale europeo, svoltasi a febbraio, ha registrato la firma di un contratto di apprendistato in Germania per ben tredici ragazzi salentini. Il diploma di formazione tedesco aprir\u00e0, comunque, nuove e ulteriori prospettive occupazionali in tutta Europa ai giovani che termineranno il percorso.<\/p>\n<p>&nbsp;<\/p>\n<fb:like href='https:\/\/www.leccecronaca.it\/index.php\/2015\/12\/16\/apprendistato-per-giovani-in-germania\/' send='true' layout='button_count' show_faces='true' width='450' height='65' action='recommend' colorscheme='light' font='lucida grande'><\/fb:like><span class=\"fb_share\"><fb:like href=\"https:\/\/www.leccecronaca.it\/index.php\/2015\/12\/16\/apprendistato-per-giovani-in-germania\/\" layout=\"button_count\"><\/fb:like><\/span>","protected":false},"excerpt":{"rendered":"<p>Dall&#8217; ufficio- stampa della Provincia di Lecce, riceviamo e volentieri pubblichiamo______ C\u2019\u00e8 tempo fino al 31 dicembre prossimo per candidarsi alle selezioni per svolgere un apprendistato in Germania nell\u2019ambito del progetto europeo \u201cThe job of my life: Mobi Pro-Eu 4.0\u201d (\u201cPromotion of vocational mobility of young people from Europe interested in vocational training\u201d), promosso dal [&hellip;]<\/p>\n","protected":false},"author":4,"featured_media":68299,"comment_status":"open","ping_status":"closed","sticky":false,"template":"","format":"standard","meta":[],"categories":[36],"tags":[],"_links":{"self":[{"href":"https:\/\/www.leccecronaca.it\/index.php\/wp-json\/wp\/v2\/posts\/68295"}],"collection":[{"href":"https:\/\/www.leccecronaca.it\/index.php\/wp-json\/wp\/v2\/posts"}],"about":[{"href":"https:\/\/www.leccecronaca.it\/index.php\/wp-json\/wp\/v2\/types\/post"}],"author":[{"embeddable":true,"href":"https:\/\/www.leccecronaca.it\/index.php\/wp-json\/wp\/v2\/users\/4"}],"replies":[{"embeddable":true,"href":"https:\/\/www.leccecronaca.it\/index.php\/wp-json\/wp\/v2\/comments?post=68295"}],"version-history":[{"count":1,"href":"https:\/\/www.leccecronaca.it\/index.php\/wp-json\/wp\/v2\/posts\/68295\/revisions"}],"predecessor-version":[{"id":68300,"href":"https:\/\/www.leccecronaca.it\/index.php\/wp-json\/wp\/v2\/posts\/68295\/revisions\/68300"}],"wp:featuredmedia":[{"embeddable":true,"href":"https:\/\/www.leccecronaca.it\/index.php\/wp-json\/wp\/v2\/media\/68299"}],"wp:attachment":[{"href":"https:\/\/www.leccecronaca.it\/index.php\/wp-json\/wp\/v2\/media?parent=68295"}],"wp:term":[{"taxonomy":"category","embeddable":true,"href":"https:\/\/www.leccecronaca.it\/index.php\/wp-json\/wp\/v2\/categories?post=68295"},{"taxonomy":"post_tag","embeddable":true,"href":"https:\/\/www.leccecronaca.it\/index.php\/wp-json\/wp\/v2\/tags?post=68295"}],"curies":[{"name":"wp","href":"https:\/\/api.w.org\/{rel}","templated":true}]}}