{"id":68309,"date":"2015-12-16T17:15:04","date_gmt":"2015-12-16T16:15:04","guid":{"rendered":"http:\/\/www.leccecronaca.it\/?p=68309"},"modified":"2015-12-16T17:36:10","modified_gmt":"2015-12-16T16:36:10","slug":"niente-cena-di-natale-ma-4000-euro-alla-caritas-una-bella-iniziativa-di-dipendenti-e-dirigenti-della-sgm","status":"publish","type":"post","link":"https:\/\/www.leccecronaca.it\/index.php\/2015\/12\/16\/niente-cena-di-natale-ma-4000-euro-alla-caritas-una-bella-iniziativa-di-dipendenti-e-dirigenti-della-sgm\/","title":{"rendered":"NIENTE CENA DI NATALE, MA 4.000 EURO ALLA CARITAS, UNA BELLA INIZIATIVA DEI DIPENDENTI DELLA SGM"},"content":{"rendered":"<p><a href=\"https:\/\/www.leccecronaca.it\/wordpress\/wp-content\/uploads\/2015\/12\/IMG_2050.jpg\"><img decoding=\"async\" loading=\"lazy\" width=\"640\" height=\"480\" title=\"IMG_2050\" class=\"alignleft size-full wp-image-68315\" alt=\"\" src=\"https:\/\/www.leccecronaca.it\/wordpress\/wp-content\/uploads\/2015\/12\/IMG_2050.jpg\" srcset=\"https:\/\/www.leccecronaca.it\/wordpress\/wp-content\/uploads\/2015\/12\/IMG_2050.jpg 640w, https:\/\/www.leccecronaca.it\/wordpress\/wp-content\/uploads\/2015\/12\/IMG_2050-300x225.jpg 300w\" sizes=\"(max-width: 640px) 100vw, 640px\" \/><\/a>(Rdl)______Niente cena aziendale di Natale, e la somma stanziata per questo, in beneficienza alla\u00a0Caritas. Quattromila euro gi\u00e0 devoluti dalla Sgm, la societ\u00e0 partecipata del Comune (nella foto, la consegna).<\/p>\n<p><em>\u201cCon questo gesto<\/em> &#8211; ha spiegato il presidente Mino Frasca &#8211;\u00a0<em>intendiamo venire incontro alle persone pi\u00f9 bisognose che vivono in citt\u00e0 e che quotidianamente si rivolgono alla Caritas per ricevere un aiuto concreto\u201d.<\/em><\/p>\n<p>\u201c<em>In occasione del Natale<\/em> &#8211; ha commentato l &#8216;amministratore delegato Ilaria Ricchiuto &#8211; <em>abbiamo pensato che sarebbe stato bello fare qualcosa di concreto, devolvendo il budget stanziato per la consueta cena aziendale. Una rinuncia che i dipendenti e il management fanno con sincero entusiasmo, consapevoli dell&#8217;importanza e del valore di un sostegno verso un&#8217;organizzazione come Caritas, che quotidianamente profonde i suoi sforzi sul territorio, rispondendo ai crescenti fenomeni di impoverimento e disagio sociale, in questo periodo di drammatica crisi economica e sociale che non accenna a diminuire.\u00a0Quattro mila euro non sono un cifra enorme, ma se anche potranno servire ad attenuare temporaneamente le difficolt\u00e0 e i disagi di qualcuno, ne saremmo molto felici&#8221;.<\/em><\/p>\n<p>Dal canto suo il direttore generale della Caritas\u00a0di Lecce, don Attilio Mesagne\u00a0ha cos\u00ec risposto: &#8220;<em>La povert\u00e0 avanza sempre di pi\u00f9.\u00a0Sono molto felice dunque per questo contributo. Ci sono tantissime etnie, trib\u00f9, religioni, lingue, ma esiste solo un&#8217;unica razza, quella umana. Siamo tutti fratelli perch\u00e9 apparteniamo tutti alla stessa famiglia, quella di Dio. Ecco, se cominciassimo a ragionare in questi termini, gli odi, i rancori e le guerre potrebbero scomparire&#8221;.<\/em><\/p>\n<p>&nbsp;<\/p>\n<p>&nbsp;<\/p>\n<p>&nbsp;<\/p>\n<p>&nbsp;<\/p>\n<fb:like href='https:\/\/www.leccecronaca.it\/index.php\/2015\/12\/16\/niente-cena-di-natale-ma-4000-euro-alla-caritas-una-bella-iniziativa-di-dipendenti-e-dirigenti-della-sgm\/' send='true' layout='button_count' show_faces='true' width='450' height='65' action='recommend' colorscheme='light' font='lucida grande'><\/fb:like><span class=\"fb_share\"><fb:like href=\"https:\/\/www.leccecronaca.it\/index.php\/2015\/12\/16\/niente-cena-di-natale-ma-4000-euro-alla-caritas-una-bella-iniziativa-di-dipendenti-e-dirigenti-della-sgm\/\" layout=\"button_count\"><\/fb:like><\/span>","protected":false},"excerpt":{"rendered":"<p>(Rdl)______Niente cena aziendale di Natale, e la somma stanziata per questo, in beneficienza alla\u00a0Caritas. Quattromila euro gi\u00e0 devoluti dalla Sgm, la societ\u00e0 partecipata del Comune (nella foto, la consegna). \u201cCon questo gesto &#8211; ha spiegato il presidente Mino Frasca &#8211;\u00a0intendiamo venire incontro alle persone pi\u00f9 bisognose che vivono in citt\u00e0 e che quotidianamente si rivolgono [&hellip;]<\/p>\n","protected":false},"author":4,"featured_media":68315,"comment_status":"open","ping_status":"closed","sticky":false,"template":"","format":"standard","meta":[],"categories":[69],"tags":[],"_links":{"self":[{"href":"https:\/\/www.leccecronaca.it\/index.php\/wp-json\/wp\/v2\/posts\/68309"}],"collection":[{"href":"https:\/\/www.leccecronaca.it\/index.php\/wp-json\/wp\/v2\/posts"}],"about":[{"href":"https:\/\/www.leccecronaca.it\/index.php\/wp-json\/wp\/v2\/types\/post"}],"author":[{"embeddable":true,"href":"https:\/\/www.leccecronaca.it\/index.php\/wp-json\/wp\/v2\/users\/4"}],"replies":[{"embeddable":true,"href":"https:\/\/www.leccecronaca.it\/index.php\/wp-json\/wp\/v2\/comments?post=68309"}],"version-history":[{"count":5,"href":"https:\/\/www.leccecronaca.it\/index.php\/wp-json\/wp\/v2\/posts\/68309\/revisions"}],"predecessor-version":[{"id":68317,"href":"https:\/\/www.leccecronaca.it\/index.php\/wp-json\/wp\/v2\/posts\/68309\/revisions\/68317"}],"wp:featuredmedia":[{"embeddable":true,"href":"https:\/\/www.leccecronaca.it\/index.php\/wp-json\/wp\/v2\/media\/68315"}],"wp:attachment":[{"href":"https:\/\/www.leccecronaca.it\/index.php\/wp-json\/wp\/v2\/media?parent=68309"}],"wp:term":[{"taxonomy":"category","embeddable":true,"href":"https:\/\/www.leccecronaca.it\/index.php\/wp-json\/wp\/v2\/categories?post=68309"},{"taxonomy":"post_tag","embeddable":true,"href":"https:\/\/www.leccecronaca.it\/index.php\/wp-json\/wp\/v2\/tags?post=68309"}],"curies":[{"name":"wp","href":"https:\/\/api.w.org\/{rel}","templated":true}]}}