{"id":68368,"date":"2015-12-17T13:20:32","date_gmt":"2015-12-17T12:20:32","guid":{"rendered":"http:\/\/www.leccecronaca.it\/?p=68368"},"modified":"2015-12-17T13:21:00","modified_gmt":"2015-12-17T12:21:00","slug":"tendenze-la-riscoperta-della-zona-di-manduria","status":"publish","type":"post","link":"https:\/\/www.leccecronaca.it\/index.php\/2015\/12\/17\/tendenze-la-riscoperta-della-zona-di-manduria\/","title":{"rendered":"TENDENZE \/ LA RISCOPERTA DELLA ZONA DI MANDURIA"},"content":{"rendered":"<p><a href=\"https:\/\/www.leccecronaca.it\/wordpress\/wp-content\/uploads\/2015\/12\/rustico_quadrilocale_in_vendita_a_manduria_ta_2890124438208701329.jpg\"><img decoding=\"async\" loading=\"lazy\" width=\"600\" height=\"450\" title=\"rustico_quadrilocale_in_vendita_a_manduria_ta_2890124438208701329\" class=\"alignleft size-full wp-image-68387\" alt=\"\" src=\"https:\/\/www.leccecronaca.it\/wordpress\/wp-content\/uploads\/2015\/12\/rustico_quadrilocale_in_vendita_a_manduria_ta_2890124438208701329.jpg\" srcset=\"https:\/\/www.leccecronaca.it\/wordpress\/wp-content\/uploads\/2015\/12\/rustico_quadrilocale_in_vendita_a_manduria_ta_2890124438208701329.jpg 600w, https:\/\/www.leccecronaca.it\/wordpress\/wp-content\/uploads\/2015\/12\/rustico_quadrilocale_in_vendita_a_manduria_ta_2890124438208701329-300x225.jpg 300w\" sizes=\"(max-width: 600px) 100vw, 600px\" \/><\/a>(Rdl)______Con legittima soddisfazione i nostri colleghi della &#8220;Voce di Manduria&#8221; sottolineano la valorizzazione della zona della loro citt\u00e0, in particolar modo la contrada &#8220;Demani&#8221;,\u00a0terrazza naturale sul mare di San Pietro in Bevagna e la sua bellissima spiaggia.<\/p>\n<p>In un articolo di Nazareno Dinoi, si d\u00e0 la notizia di Romina Power, negli ultimi tempo molto attiva sul fronte ambientalista, e da sempre innamorata delle terre del Primitivo che ha deciso\u00a0&#8220;<em>di investire nella costruzione di una villa per le vacanze. Il progetto della dimora estiva della famiglia Power Carrisi (il terreno \u00e8 di propriet\u00e0 del figlio della coppia Yari) \u00e8 gi\u00e0 stato presentato all\u2019ufficio urbanistico di Manduria che ha concesso la relativa autorizzazione paesaggistica rilasciata dal responsabile ingegnere Alessandro Pastore&#8221;.<\/em><\/p>\n<p>Si tratta di una tendenza in atto, specie per quanto riguarda le masserie e i rustici della zona (nella foto, uno di essi proposto\u00a0in vendita sul web), acquistati e riadattati da personaggi pi\u00f9 o meno famosi.<\/p>\n<p>Forse \u00e8 ancora presto per parlare di moda, per quest&#8217; angolo estremo nord\u00a0occidentale del\u00a0Salento, ma un inizio in tal senso appare evidente.<\/p>\n<p>&nbsp;<\/p>\n<p>&nbsp;<\/p>\n<fb:like href='https:\/\/www.leccecronaca.it\/index.php\/2015\/12\/17\/tendenze-la-riscoperta-della-zona-di-manduria\/' send='true' layout='button_count' show_faces='true' width='450' height='65' action='recommend' colorscheme='light' font='lucida grande'><\/fb:like><span class=\"fb_share\"><fb:like href=\"https:\/\/www.leccecronaca.it\/index.php\/2015\/12\/17\/tendenze-la-riscoperta-della-zona-di-manduria\/\" layout=\"button_count\"><\/fb:like><\/span>","protected":false},"excerpt":{"rendered":"<p>(Rdl)______Con legittima soddisfazione i nostri colleghi della &#8220;Voce di Manduria&#8221; sottolineano la valorizzazione della zona della loro citt\u00e0, in particolar modo la contrada &#8220;Demani&#8221;,\u00a0terrazza naturale sul mare di San Pietro in Bevagna e la sua bellissima spiaggia. In un articolo di Nazareno Dinoi, si d\u00e0 la notizia di Romina Power, negli ultimi tempo molto attiva [&hellip;]<\/p>\n","protected":false},"author":4,"featured_media":68387,"comment_status":"open","ping_status":"closed","sticky":false,"template":"","format":"standard","meta":[],"categories":[69],"tags":[],"_links":{"self":[{"href":"https:\/\/www.leccecronaca.it\/index.php\/wp-json\/wp\/v2\/posts\/68368"}],"collection":[{"href":"https:\/\/www.leccecronaca.it\/index.php\/wp-json\/wp\/v2\/posts"}],"about":[{"href":"https:\/\/www.leccecronaca.it\/index.php\/wp-json\/wp\/v2\/types\/post"}],"author":[{"embeddable":true,"href":"https:\/\/www.leccecronaca.it\/index.php\/wp-json\/wp\/v2\/users\/4"}],"replies":[{"embeddable":true,"href":"https:\/\/www.leccecronaca.it\/index.php\/wp-json\/wp\/v2\/comments?post=68368"}],"version-history":[{"count":3,"href":"https:\/\/www.leccecronaca.it\/index.php\/wp-json\/wp\/v2\/posts\/68368\/revisions"}],"predecessor-version":[{"id":68390,"href":"https:\/\/www.leccecronaca.it\/index.php\/wp-json\/wp\/v2\/posts\/68368\/revisions\/68390"}],"wp:featuredmedia":[{"embeddable":true,"href":"https:\/\/www.leccecronaca.it\/index.php\/wp-json\/wp\/v2\/media\/68387"}],"wp:attachment":[{"href":"https:\/\/www.leccecronaca.it\/index.php\/wp-json\/wp\/v2\/media?parent=68368"}],"wp:term":[{"taxonomy":"category","embeddable":true,"href":"https:\/\/www.leccecronaca.it\/index.php\/wp-json\/wp\/v2\/categories?post=68368"},{"taxonomy":"post_tag","embeddable":true,"href":"https:\/\/www.leccecronaca.it\/index.php\/wp-json\/wp\/v2\/tags?post=68368"}],"curies":[{"name":"wp","href":"https:\/\/api.w.org\/{rel}","templated":true}]}}