{"id":68508,"date":"2015-12-18T15:32:06","date_gmt":"2015-12-18T14:32:06","guid":{"rendered":"http:\/\/www.leccecronaca.it\/?p=68508"},"modified":"2015-12-18T15:32:59","modified_gmt":"2015-12-18T14:32:59","slug":"differenziata-a-lecce-piu-ombre-che-luci-ad-un-primo-bilancio","status":"publish","type":"post","link":"https:\/\/www.leccecronaca.it\/index.php\/2015\/12\/18\/differenziata-a-lecce-piu-ombre-che-luci-ad-un-primo-bilancio\/","title":{"rendered":"LA RACCOLTA DIFFERENZIATA DEI RIFIUTI A LECCE: PIU&#8217; OMBRE CHE LUCI, AD UN PRIMO BILANCIO"},"content":{"rendered":"<p><a href=\"https:\/\/www.leccecronaca.it\/wordpress\/wp-content\/uploads\/2015\/12\/thumbimage.jpg\"><img decoding=\"async\" loading=\"lazy\" width=\"620\" height=\"350\" title=\"thumbimage\" class=\"alignleft size-full wp-image-68509\" alt=\"\" src=\"https:\/\/www.leccecronaca.it\/wordpress\/wp-content\/uploads\/2015\/12\/thumbimage.jpg\" srcset=\"https:\/\/www.leccecronaca.it\/wordpress\/wp-content\/uploads\/2015\/12\/thumbimage.jpg 620w, https:\/\/www.leccecronaca.it\/wordpress\/wp-content\/uploads\/2015\/12\/thumbimage-300x169.jpg 300w\" sizes=\"(max-width: 620px) 100vw, 620px\" \/><\/a>di <strong>Emanuele Ricercato______<\/strong><\/p>\n<p>Sta prendendo sempre pi\u00f9 piede la raccolta dei rifiuti differenziata a Lecce. Sono ormai numerosi i quartieri dove la Monteco nei giorni prestabiliti preleva l\u2019 organico, la carta e la plastica. Per questo motivo si pu\u00f2 gi\u00e0 fare un primo bilancio del servizio.<\/p>\n<p>Secondo me ci sono ancora tante cose da perfezionare. Ad esempio le bustine dell&#8217; organico sono troppo delicate, perch\u00e9 si lacerano appena le sfiori, e non parliamo poi della fila che ogni volta si deve fare un cittadino per ritirarle alla sede della Monteco. La loro risposta molto simpatica, a chi non vuole aspettare, \u00e8 quella di dire alle persone di comprarsele di tasca propria.<\/p>\n<p>Penso anche che, invece del venerd\u00ec, sarebbe stato meglio ritirare l\u2019organico di sabato, perch\u00e9 nel weekend si produce piu&#8217; spazzatura e due giorni di seguito diventano troppi.<\/p>\n<p>I bidoni grandi lasciati per i condomini pi\u00f9 numerosi vanno bene se si esegue la differenziata in maniera corretta, ma purtroppo non \u00e8 sempre cos\u00ec perche gli incivili non mancano mai. C&#8217;\u00e8 sempre qualcuno che butta qualsiasi tipo di rifiuto senza guardare nemmeno il colore del bidone.<\/p>\n<p>A questo punto subbentra anche un discorso di etica e di civilt\u00e0 che purtroppo non tutti hanno.<\/p>\n<p>Le sanzioni se ci sono devono essere applicate. Non si puo\u2019 farla passare liscia a chi sporca e inquina l\u2019ambiente.<\/p>\n<p>Resta comunque il fatto che un giorno per la raccolta del vetro l\u2019 avrebbero anche potuto mettere senza obbligare le persone ad andarsi a cercare le campane verdi.<\/p>\n<p>Concludo segnalando che Villa Convento si \u00e8 distinta nella raccolta diventando il primo quartiere virtuoso tanto da esser premiato dalla Monteco con un albero di Natale enorme. Questo dimostra che se si parte prima da noi cittadini, le cose poi vengono meglio.<\/p>\n<p>&nbsp;<\/p>\n<fb:like href='https:\/\/www.leccecronaca.it\/index.php\/2015\/12\/18\/differenziata-a-lecce-piu-ombre-che-luci-ad-un-primo-bilancio\/' send='true' layout='button_count' show_faces='true' width='450' height='65' action='recommend' colorscheme='light' font='lucida grande'><\/fb:like><span class=\"fb_share\"><fb:like href=\"https:\/\/www.leccecronaca.it\/index.php\/2015\/12\/18\/differenziata-a-lecce-piu-ombre-che-luci-ad-un-primo-bilancio\/\" layout=\"button_count\"><\/fb:like><\/span>","protected":false},"excerpt":{"rendered":"<p>di Emanuele Ricercato______ Sta prendendo sempre pi\u00f9 piede la raccolta dei rifiuti differenziata a Lecce. Sono ormai numerosi i quartieri dove la Monteco nei giorni prestabiliti preleva l\u2019 organico, la carta e la plastica. Per questo motivo si pu\u00f2 gi\u00e0 fare un primo bilancio del servizio. Secondo me ci sono ancora tante cose da perfezionare. [&hellip;]<\/p>\n","protected":false},"author":4,"featured_media":68509,"comment_status":"open","ping_status":"closed","sticky":false,"template":"","format":"standard","meta":[],"categories":[69],"tags":[],"_links":{"self":[{"href":"https:\/\/www.leccecronaca.it\/index.php\/wp-json\/wp\/v2\/posts\/68508"}],"collection":[{"href":"https:\/\/www.leccecronaca.it\/index.php\/wp-json\/wp\/v2\/posts"}],"about":[{"href":"https:\/\/www.leccecronaca.it\/index.php\/wp-json\/wp\/v2\/types\/post"}],"author":[{"embeddable":true,"href":"https:\/\/www.leccecronaca.it\/index.php\/wp-json\/wp\/v2\/users\/4"}],"replies":[{"embeddable":true,"href":"https:\/\/www.leccecronaca.it\/index.php\/wp-json\/wp\/v2\/comments?post=68508"}],"version-history":[{"count":3,"href":"https:\/\/www.leccecronaca.it\/index.php\/wp-json\/wp\/v2\/posts\/68508\/revisions"}],"predecessor-version":[{"id":68512,"href":"https:\/\/www.leccecronaca.it\/index.php\/wp-json\/wp\/v2\/posts\/68508\/revisions\/68512"}],"wp:featuredmedia":[{"embeddable":true,"href":"https:\/\/www.leccecronaca.it\/index.php\/wp-json\/wp\/v2\/media\/68509"}],"wp:attachment":[{"href":"https:\/\/www.leccecronaca.it\/index.php\/wp-json\/wp\/v2\/media?parent=68508"}],"wp:term":[{"taxonomy":"category","embeddable":true,"href":"https:\/\/www.leccecronaca.it\/index.php\/wp-json\/wp\/v2\/categories?post=68508"},{"taxonomy":"post_tag","embeddable":true,"href":"https:\/\/www.leccecronaca.it\/index.php\/wp-json\/wp\/v2\/tags?post=68508"}],"curies":[{"name":"wp","href":"https:\/\/api.w.org\/{rel}","templated":true}]}}