{"id":69529,"date":"2015-12-28T12:25:16","date_gmt":"2015-12-28T11:25:16","guid":{"rendered":"http:\/\/www.leccecronaca.it\/?p=69529"},"modified":"2015-12-28T13:11:55","modified_gmt":"2015-12-28T12:11:55","slug":"una-piazza-un-popolo-una-richiesta-giustizia-per-gli-ulivi","status":"publish","type":"post","link":"https:\/\/www.leccecronaca.it\/index.php\/2015\/12\/28\/una-piazza-un-popolo-una-richiesta-giustizia-per-gli-ulivi\/","title":{"rendered":"UNA PIAZZA, UN POPOLO, UNA RICHIESTA: GIUSTIZIA PER GLI ULIVI"},"content":{"rendered":"<p><a href=\"https:\/\/www.leccecronaca.it\/wordpress\/wp-content\/uploads\/2015\/12\/giustizia-per-gli-ulivi.jpg\"><img decoding=\"async\" loading=\"lazy\" width=\"1024\" height=\"576\" title=\"giustizia per gli ulivi\" class=\"alignleft size-large wp-image-69571\" alt=\"\" src=\"https:\/\/www.leccecronaca.it\/wordpress\/wp-content\/uploads\/2015\/12\/giustizia-per-gli-ulivi-1024x576.jpg\" srcset=\"https:\/\/www.leccecronaca.it\/wordpress\/wp-content\/uploads\/2015\/12\/giustizia-per-gli-ulivi-1024x576.jpg 1024w, https:\/\/www.leccecronaca.it\/wordpress\/wp-content\/uploads\/2015\/12\/giustizia-per-gli-ulivi-300x168.jpg 300w, https:\/\/www.leccecronaca.it\/wordpress\/wp-content\/uploads\/2015\/12\/giustizia-per-gli-ulivi.jpg 1184w\" sizes=\"(max-width: 1024px) 100vw, 1024px\" \/><\/a><\/p>\n<p>&nbsp;<\/p>\n<p>di<strong> Eleonora Ciminiello<\/strong>_______<strong>Il sedile, un microfono e la voglia di verit\u00e0<\/strong>. Eravamo a Lecce, ieri sera, 28 dicembre, e Piazza Sant&#8217;Oronzo era particolarmente gremita. Gremita di gente uscita di casa solo per fare un giro, ma popolata anche da cittadini attivi e consapevoli pronti a coinvolgere i presenti su ci\u00f2 che da due anni accade in Salento, con tutti gli sviluppi che si sono rincorsi nell&#8217;ultima settimana.<\/p>\n<p>Ad organizzare l&#8217;incontro ancora una volta il <strong>Popolo degli Ulivi<\/strong>, lo stesso popolo additato dai media locali come un covo di complottisti, di terroristi, di ambientalisti della peggior specie; eppure questo gruppo di persone, accomunate dalla volont\u00e0 di difendere la terra salentina, ha dimostrato ancora una volta di avere un unico obbiettivo, coinvolgere il Salento mostrando qual \u00e8 la verit\u00e0 sulla vicenda xylella, una vicenda che non deve riguardare solo pochi cittadini consapevoli, ma tutto il Salento, perch\u00e9 <strong>la conoscenza \u00e8 libert\u00e0, \u00e8 possibilit\u00e0 di scegliere, di capire, di difendersi.<\/strong><\/p>\n<p>Quel popolo ieri sera era l\u00ec, pronto a lottare ancora e a vincere l&#8217;ingiustizia: c&#8217;erano bimbi intenti a distribuire volantini e spiegare in maniera consapevole e ragionata il <strong>PERCHE&#8217; non sia giusto sradicare gli ulivi del Salento<\/strong>, ma anche anziani pronti a portare la loro esperienza, dimostrando come gli ulivi, se curati, non demordono, sopravvivendo alle malattie.<\/p>\n<p>In mezzo i giovani, tanti giovani, sfuggiti alla macchina dei media, uomini e donne che hanno studiato, hanno cercato, hanno lottato strenuamente per fermare le ruspe, fermare la macchina mistificatrice dei media, fermare con i loro mezzi anche le menzogne della fantascienza. Uomini e donne che nella vita fanno tutt&#8217;altro si sono ritrovati, come era gi\u00e0 avvenuto il 29 marzo 2015, di nuovo in Piazza sant&#8217;Oronzo, sempre pi\u00f9 convinti che <strong>la verit\u00e0 debba emergere sfondando i muri costruiti sull&#8217;indifferenza e sull&#8217;inganno.<\/strong><\/p>\n<p>Il Popolo degli Ulivi ha continuato a sottolineare l&#8217;<strong>assenza di ricerche a 360\u00b0<\/strong>, l&#8217;<strong>assenza dell analisi dei terreni che ospitano gli ulivi<\/strong>, l<strong>a mancanza degli studi epidemiologici sulla diffusione del disseccamento<\/strong>, <strong>come quella \u00a0dei test che dimostrino che il batterio da solo, sia la causa della malattia; <\/strong>questo popolo ha\u00a0continuato a sostenere l&#8217;importanza di difendere il territorio per proteggere l&#8217;ambiente e soprattutto la salute degli abitanti del Salento, e lo ha fatto attraverso la voce dei protagonisti di questa storia: da <strong>Ivano Gioffreda e Tina Minarva<\/strong>, di Spazi Popolari, a <strong>Luigi Russo<\/strong>, giornalista e presidente del CSV Salento, dall&#8217;oncologo <strong>Giuseppe Serravezza<\/strong> a <strong>Giovanni Secl\u00ec<\/strong>, presidente di Forum Ambiente e Salute, da <strong>Mimmo Giglio<\/strong>, attivista del presidio di Veglie ad <strong>Antonio Zollino<\/strong>, del presidio di Leverano, da <strong>Anita Rossetti<\/strong> a <strong>Crocifisso Aloisi<\/strong>, sino a <strong>Stefania Bove<\/strong> e <strong>Carlo Martignano<\/strong>. Cittadini ed esperti, in perfetta sinergia, si sono ritrovati portando all&#8217;attenzione dei passanti ancora una volta numeri, dati, fatti, certezze, disegnando un quadro chiarissimo della vicenda, inframmezzati dalla voce del professor <strong>Sergio Starace<\/strong>, alla chitarra.<\/p>\n<p>Un susseguirsi di voci e di fatti, moderati da <strong>Leonardo Curti,<\/strong> capace di rendere la serata un vero inno alla giustizia ed alla libert\u00e0 d&#8217;informazione.<\/p>\n<p><strong>Bloccare l&#8217;attacco politico, economico e sociale che ha come obbiettivo il Salento<\/strong> e <strong>ottenere giustizia<\/strong>: \u00e8 questo ci\u00f2 che si chiede, ma per far s\u00ec che il Salento non sia pi\u00f9 terra di conquista o di sperimentazione per nessuno \u00e8 necessario progettare, reinventare, tornare alle tradizioni pi\u00f9 vere. Recuperare la cultura dell&#8217;agricoltura, nutrire la terra, salvaguardare gli ulivi, bandire l&#8217;uso dei pesticidi, tornare alla Natura ed ai semi tipici del nostro territorio: <strong>sar\u00e0 questa la vera vittoria per il Salento, per i suoi abitanti e per l&#8217;ambiente.<\/strong><\/p>\n<p>Di seguito le foto della serata.<\/p>\n\n\t\t<style type=\"text\/css\">\n\t\t\t#gallery-1 {\n\t\t\t\tmargin: auto;\n\t\t\t}\n\t\t\t#gallery-1 .gallery-item {\n\t\t\t\tfloat: left;\n\t\t\t\tmargin-top: 10px;\n\t\t\t\ttext-align: center;\n\t\t\t\twidth: 100%;\n\t\t\t}\n\t\t\t#gallery-1 img {\n\t\t\t\t\n\t\t\t}\n\t\t\t#gallery-1 .gallery-caption {\n\t\t\t\tmargin-left: 0;\n\t\t\t}\n\t\t\t\/* see gallery_shortcode() in wp-includes\/media.php *\/\n\t\t<\/style>\n\t\t<div id='gallery-1' class='gallery galleryid-69529 gallery-columns-1 gallery-size-thumbnail'><dl class='gallery-item'>\n\t\t\t<dt class='gallery-icon landscape'>\n\t\t\t\t<a href='https:\/\/www.leccecronaca.it\/wordpress\/wp-content\/uploads\/2015\/12\/giustizia-per-gli-ulivi4.jpg'><img width=\"150\" height=\"150\" src=\"https:\/\/www.leccecronaca.it\/wordpress\/wp-content\/uploads\/2015\/12\/giustizia-per-gli-ulivi4-150x150.jpg\" class=\"attachment-thumbnail size-thumbnail\" alt=\"\" decoding=\"async\" loading=\"lazy\" \/><\/a>\n\t\t\t<\/dt><\/dl><br style=\"clear: both\" \/><dl class='gallery-item'>\n\t\t\t<dt class='gallery-icon landscape'>\n\t\t\t\t<a href='https:\/\/www.leccecronaca.it\/wordpress\/wp-content\/uploads\/2015\/12\/giustizia-per-gli-ulivi3.jpg'><img width=\"150\" height=\"150\" src=\"https:\/\/www.leccecronaca.it\/wordpress\/wp-content\/uploads\/2015\/12\/giustizia-per-gli-ulivi3-150x150.jpg\" class=\"attachment-thumbnail size-thumbnail\" alt=\"\" decoding=\"async\" loading=\"lazy\" \/><\/a>\n\t\t\t<\/dt><\/dl><br style=\"clear: both\" \/><dl class='gallery-item'>\n\t\t\t<dt class='gallery-icon landscape'>\n\t\t\t\t<a href='https:\/\/www.leccecronaca.it\/wordpress\/wp-content\/uploads\/2015\/12\/giustizia-per-gli-ulivi2.jpg'><img width=\"150\" height=\"150\" src=\"https:\/\/www.leccecronaca.it\/wordpress\/wp-content\/uploads\/2015\/12\/giustizia-per-gli-ulivi2-150x150.jpg\" class=\"attachment-thumbnail size-thumbnail\" alt=\"\" decoding=\"async\" loading=\"lazy\" \/><\/a>\n\t\t\t<\/dt><\/dl><br style=\"clear: both\" \/><dl class='gallery-item'>\n\t\t\t<dt class='gallery-icon landscape'>\n\t\t\t\t<a href='https:\/\/www.leccecronaca.it\/wordpress\/wp-content\/uploads\/2015\/12\/giustizia-per-gli-ulivi1.jpg'><img width=\"150\" height=\"150\" src=\"https:\/\/www.leccecronaca.it\/wordpress\/wp-content\/uploads\/2015\/12\/giustizia-per-gli-ulivi1-150x150.jpg\" class=\"attachment-thumbnail size-thumbnail\" alt=\"\" decoding=\"async\" loading=\"lazy\" \/><\/a>\n\t\t\t<\/dt><\/dl><br style=\"clear: both\" \/><dl class='gallery-item'>\n\t\t\t<dt class='gallery-icon landscape'>\n\t\t\t\t<a href='https:\/\/www.leccecronaca.it\/wordpress\/wp-content\/uploads\/2015\/12\/giustizia-per-gli-ulivi.jpg'><img width=\"150\" height=\"150\" src=\"https:\/\/www.leccecronaca.it\/wordpress\/wp-content\/uploads\/2015\/12\/giustizia-per-gli-ulivi-150x150.jpg\" class=\"attachment-thumbnail size-thumbnail\" alt=\"\" decoding=\"async\" loading=\"lazy\" \/><\/a>\n\t\t\t<\/dt><\/dl><br style=\"clear: both\" \/>\n\t\t<\/div>\n\n<p>&nbsp;<\/p>\n<p>&nbsp;<\/p>\n<fb:like href='https:\/\/www.leccecronaca.it\/index.php\/2015\/12\/28\/una-piazza-un-popolo-una-richiesta-giustizia-per-gli-ulivi\/' send='true' layout='button_count' show_faces='true' width='450' height='65' action='recommend' colorscheme='light' font='lucida grande'><\/fb:like><span class=\"fb_share\"><fb:like href=\"https:\/\/www.leccecronaca.it\/index.php\/2015\/12\/28\/una-piazza-un-popolo-una-richiesta-giustizia-per-gli-ulivi\/\" layout=\"button_count\"><\/fb:like><\/span>","protected":false},"excerpt":{"rendered":"<p>&nbsp; di Eleonora Ciminiello_______Il sedile, un microfono e la voglia di verit\u00e0. Eravamo a Lecce, ieri sera, 28 dicembre, e Piazza Sant&#8217;Oronzo era particolarmente gremita. Gremita di gente uscita di casa solo per fare un giro, ma popolata anche da cittadini attivi e consapevoli pronti a coinvolgere i presenti su ci\u00f2 che da due anni [&hellip;]<\/p>\n","protected":false},"author":4,"featured_media":69571,"comment_status":"open","ping_status":"closed","sticky":false,"template":"","format":"standard","meta":[],"categories":[1,69,75,77],"tags":[44],"_links":{"self":[{"href":"https:\/\/www.leccecronaca.it\/index.php\/wp-json\/wp\/v2\/posts\/69529"}],"collection":[{"href":"https:\/\/www.leccecronaca.it\/index.php\/wp-json\/wp\/v2\/posts"}],"about":[{"href":"https:\/\/www.leccecronaca.it\/index.php\/wp-json\/wp\/v2\/types\/post"}],"author":[{"embeddable":true,"href":"https:\/\/www.leccecronaca.it\/index.php\/wp-json\/wp\/v2\/users\/4"}],"replies":[{"embeddable":true,"href":"https:\/\/www.leccecronaca.it\/index.php\/wp-json\/wp\/v2\/comments?post=69529"}],"version-history":[{"count":17,"href":"https:\/\/www.leccecronaca.it\/index.php\/wp-json\/wp\/v2\/posts\/69529\/revisions"}],"predecessor-version":[{"id":69595,"href":"https:\/\/www.leccecronaca.it\/index.php\/wp-json\/wp\/v2\/posts\/69529\/revisions\/69595"}],"wp:featuredmedia":[{"embeddable":true,"href":"https:\/\/www.leccecronaca.it\/index.php\/wp-json\/wp\/v2\/media\/69571"}],"wp:attachment":[{"href":"https:\/\/www.leccecronaca.it\/index.php\/wp-json\/wp\/v2\/media?parent=69529"}],"wp:term":[{"taxonomy":"category","embeddable":true,"href":"https:\/\/www.leccecronaca.it\/index.php\/wp-json\/wp\/v2\/categories?post=69529"},{"taxonomy":"post_tag","embeddable":true,"href":"https:\/\/www.leccecronaca.it\/index.php\/wp-json\/wp\/v2\/tags?post=69529"}],"curies":[{"name":"wp","href":"https:\/\/api.w.org\/{rel}","templated":true}]}}