{"id":71770,"date":"2016-01-17T13:13:47","date_gmt":"2016-01-17T12:13:47","guid":{"rendered":"http:\/\/www.leccecronaca.it\/?p=71770"},"modified":"2016-01-17T13:13:47","modified_gmt":"2016-01-17T12:13:47","slug":"anticipazioni-video-cataldo-motta-intervistato-da-presa-diretta-di-rai3-in-onda-stasera-agli-scienziati-e-mancata-l-umilta-e-i-politici-siamo-ancora-nella-fase-delle-indagini-non","status":"publish","type":"post","link":"https:\/\/www.leccecronaca.it\/index.php\/2016\/01\/17\/anticipazioni-video-cataldo-motta-intervistato-da-presa-diretta-di-rai3-in-onda-stasera-agli-scienziati-e-mancata-l-umilta-e-i-politici-siamo-ancora-nella-fase-delle-indagini-non\/","title":{"rendered":"ANTICIPAZIONI &#8211; video \/ CATALDO MOTTA INTERVISTATO DA &#8216;PRESA DIRETTA&#8217; DI RAI3 IN ONDA &#8216;STASERA: &#8220;Agli scienziati \u00e8 mancata l&#8217; umilt\u00e0&#8221;. E I POLITICI? &#8220;Siamo ancora nella fase delle indagini, non mi \u00e8 consentito parlarne&#8221;"},"content":{"rendered":"<p><a href=\"https:\/\/www.leccecronaca.it\/wordpress\/wp-content\/uploads\/2016\/01\/475x255_1453006963515_Schermata_2016_01_17_alle_06_01_54.png\"><img decoding=\"async\" loading=\"lazy\" width=\"475\" height=\"255\" title=\"475x255_1453006963515_Schermata_2016_01_17_alle_06_01_54\" class=\"alignleft size-full wp-image-71771\" alt=\"\" src=\"https:\/\/www.leccecronaca.it\/wordpress\/wp-content\/uploads\/2016\/01\/475x255_1453006963515_Schermata_2016_01_17_alle_06_01_54.png\" srcset=\"https:\/\/www.leccecronaca.it\/wordpress\/wp-content\/uploads\/2016\/01\/475x255_1453006963515_Schermata_2016_01_17_alle_06_01_54.png 475w, https:\/\/www.leccecronaca.it\/wordpress\/wp-content\/uploads\/2016\/01\/475x255_1453006963515_Schermata_2016_01_17_alle_06_01_54-300x161.png 300w\" sizes=\"(max-width: 475px) 100vw, 475px\" \/><\/a><\/p>\n<p><a href=\"http:\/\/www.rainews.it\/dl\/rainews\/media\/Anticipazione-Presadiretta-Il-caso-Xylella-Intervista-al-procuratore-capo-di-Lecce-Cataldo-Motta-135f1a3a-8e9c-41c8-86f5-c43930cf5916.html\">http:\/\/www.rainews.it\/dl\/rainews\/media\/Anticipazione-Presadiretta-Il-caso-Xylella-Intervista-al-procuratore-capo-di-Lecce-Cataldo-Motta-135f1a3a-8e9c-41c8-86f5-c43930cf5916.html<\/a><\/p>\n<fb:like href='https:\/\/www.leccecronaca.it\/index.php\/2016\/01\/17\/anticipazioni-video-cataldo-motta-intervistato-da-presa-diretta-di-rai3-in-onda-stasera-agli-scienziati-e-mancata-l-umilta-e-i-politici-siamo-ancora-nella-fase-delle-indagini-non\/' send='true' layout='button_count' show_faces='true' width='450' height='65' action='recommend' colorscheme='light' font='lucida grande'><\/fb:like><span class=\"fb_share\"><fb:like href=\"https:\/\/www.leccecronaca.it\/index.php\/2016\/01\/17\/anticipazioni-video-cataldo-motta-intervistato-da-presa-diretta-di-rai3-in-onda-stasera-agli-scienziati-e-mancata-l-umilta-e-i-politici-siamo-ancora-nella-fase-delle-indagini-non\/\" layout=\"button_count\"><\/fb:like><\/span>","protected":false},"excerpt":{"rendered":"<p>http:\/\/www.rainews.it\/dl\/rainews\/media\/Anticipazione-Presadiretta-Il-caso-Xylella-Intervista-al-procuratore-capo-di-Lecce-Cataldo-Motta-135f1a3a-8e9c-41c8-86f5-c43930cf5916.html<\/p>\n","protected":false},"author":4,"featured_media":71771,"comment_status":"open","ping_status":"closed","sticky":false,"template":"","format":"standard","meta":[],"categories":[69],"tags":[],"_links":{"self":[{"href":"https:\/\/www.leccecronaca.it\/index.php\/wp-json\/wp\/v2\/posts\/71770"}],"collection":[{"href":"https:\/\/www.leccecronaca.it\/index.php\/wp-json\/wp\/v2\/posts"}],"about":[{"href":"https:\/\/www.leccecronaca.it\/index.php\/wp-json\/wp\/v2\/types\/post"}],"author":[{"embeddable":true,"href":"https:\/\/www.leccecronaca.it\/index.php\/wp-json\/wp\/v2\/users\/4"}],"replies":[{"embeddable":true,"href":"https:\/\/www.leccecronaca.it\/index.php\/wp-json\/wp\/v2\/comments?post=71770"}],"version-history":[{"count":2,"href":"https:\/\/www.leccecronaca.it\/index.php\/wp-json\/wp\/v2\/posts\/71770\/revisions"}],"predecessor-version":[{"id":71773,"href":"https:\/\/www.leccecronaca.it\/index.php\/wp-json\/wp\/v2\/posts\/71770\/revisions\/71773"}],"wp:featuredmedia":[{"embeddable":true,"href":"https:\/\/www.leccecronaca.it\/index.php\/wp-json\/wp\/v2\/media\/71771"}],"wp:attachment":[{"href":"https:\/\/www.leccecronaca.it\/index.php\/wp-json\/wp\/v2\/media?parent=71770"}],"wp:term":[{"taxonomy":"category","embeddable":true,"href":"https:\/\/www.leccecronaca.it\/index.php\/wp-json\/wp\/v2\/categories?post=71770"},{"taxonomy":"post_tag","embeddable":true,"href":"https:\/\/www.leccecronaca.it\/index.php\/wp-json\/wp\/v2\/tags?post=71770"}],"curies":[{"name":"wp","href":"https:\/\/api.w.org\/{rel}","templated":true}]}}