{"id":72339,"date":"2016-01-22T14:21:34","date_gmt":"2016-01-22T13:21:34","guid":{"rendered":"http:\/\/www.leccecronaca.it\/?p=72339"},"modified":"2016-01-22T14:21:34","modified_gmt":"2016-01-22T13:21:34","slug":"gli-alberi-di-tutti","status":"publish","type":"post","link":"https:\/\/www.leccecronaca.it\/index.php\/2016\/01\/22\/gli-alberi-di-tutti\/","title":{"rendered":"&#8220;Gli alberi di tutti&#8221;"},"content":{"rendered":"<p><a href=\"https:\/\/www.leccecronaca.it\/wordpress\/wp-content\/uploads\/2016\/01\/11149587_10153302029309387_1087510750449167065_n.jpg\"><img decoding=\"async\" loading=\"lazy\" width=\"300\" height=\"190\" title=\"11149587_10153302029309387_1087510750449167065_n\" class=\"alignleft size-medium wp-image-72340\" alt=\"\" src=\"https:\/\/www.leccecronaca.it\/wordpress\/wp-content\/uploads\/2016\/01\/11149587_10153302029309387_1087510750449167065_n-300x190.jpg\" srcset=\"https:\/\/www.leccecronaca.it\/wordpress\/wp-content\/uploads\/2016\/01\/11149587_10153302029309387_1087510750449167065_n-300x190.jpg 300w, https:\/\/www.leccecronaca.it\/wordpress\/wp-content\/uploads\/2016\/01\/11149587_10153302029309387_1087510750449167065_n.jpg 960w\" sizes=\"(max-width: 300px) 100vw, 300px\" \/><\/a>Riceviamo e volentieri pubblichiamo. Rita Miglietta (nella foto), di &#8216;Lecce citt\u00e0 pubblica&#8217;, ci scrive______<\/p>\n<p>Un gruppo di cittadini, il Comitato verde Santa Rosa, insieme all&#8217;ordine degli agronomi e degli architetti, ha organizzato una interessante giornata di studio sugli alberi e la citt\u00e0; si \u00e8 parlato dell\u2019importanza che gli alberi assumono nella qualit\u00e0 della nostra vita, perch\u00e9 migliorano gli spazi, agiscono sul microclima, mitigano l\u2019inquinamento, arricchiscono la biodiversit\u00e0 e, a tutti gli effetti, appartengono al paesaggio, sono parte della nostra identit\u00e0.<\/p>\n<p>Nel ringraziare loro per questa mobilitazione che ha portato a Lecce importanti relatori, e che speriamo abbia effetti positivi per ribaltare l\u2019attuale inerzia dell&#8217;Amministrazione nella cura dei nostri spazi verdi, vorremmo dare qui un contributo all&#8217;iniziativa.<\/p>\n<p>Il Comune di Lecce, rispondendo ad una sollecitazione della Regione Puglia del marzo scorso, ha avviato il censimento degli alberi monumentali del Corpo Forestale dello Stato. Pochi sanno che questo censimento, per legge, deve svolgersi con il coinvolgimento anche di cittadini e associazioni, esperti conoscitori della citt\u00e0. Sul sito del Comune non abbiamo trovato nessuna informazione, vi segnaliamo qui che, invece, sul sito dell&#8217;Ordine degli Architetti &#8211; nella sezione News &#8211; chiunque pu\u00f2 scaricare i moduli e le linee guida per partecipare al censimento.<\/p>\n<p>Chiss\u00e0 che in questo elenco non vadano segnalate anche alcune delle incredibili alberature cresciute nella foresta urbana della cava di via San Cesario che abbiamo proposto di individuare come bene culturale.<\/p>\n<p>Lecce \u00e8 tra le citt\u00e0 con la percentuale pi\u00f9 bassa di aree verdi sulla superficie comunale e di aree verdi pro capite; in pi\u00f9 non si \u00e8 ancora dotata di nessuno strumento di gestione e pianificazione delle aree verdi urbane esistenti e future, lasciando ancora all\u2019 improvvisazione il nostro patrimonio vegetale.<\/p>\n<p>&nbsp;<\/p>\n<p>&nbsp;<\/p>\n<p>Per questo due mesi fa abbiamo depositato una mozione, iscritta nell\u2019ordine del giorno del prossimo consiglio comunale, con la quale proponiamo all\u2019amministrazione l\u2019avvio di un importante strumento di governo e tutela del verde urbano, segnalato ieri anche dagli agronomi: il piano del verde, il regolamento del verde, il censimento del verde.<\/p>\n<p>&nbsp;<\/p>\n<p>Noi daremo il nostro contributo perch\u00e9 da questa iniziativa si possano avere ricadute positive in termini di consapevolezza, strumenti e pratiche.<\/p>\n<p>&nbsp;<\/p>\n<fb:like href='https:\/\/www.leccecronaca.it\/index.php\/2016\/01\/22\/gli-alberi-di-tutti\/' send='true' layout='button_count' show_faces='true' width='450' height='65' action='recommend' colorscheme='light' font='lucida grande'><\/fb:like><span class=\"fb_share\"><fb:like href=\"https:\/\/www.leccecronaca.it\/index.php\/2016\/01\/22\/gli-alberi-di-tutti\/\" layout=\"button_count\"><\/fb:like><\/span>","protected":false},"excerpt":{"rendered":"<p>Riceviamo e volentieri pubblichiamo. Rita Miglietta (nella foto), di &#8216;Lecce citt\u00e0 pubblica&#8217;, ci scrive______ Un gruppo di cittadini, il Comitato verde Santa Rosa, insieme all&#8217;ordine degli agronomi e degli architetti, ha organizzato una interessante giornata di studio sugli alberi e la citt\u00e0; si \u00e8 parlato dell\u2019importanza che gli alberi assumono nella qualit\u00e0 della nostra vita, [&hellip;]<\/p>\n","protected":false},"author":4,"featured_media":72340,"comment_status":"open","ping_status":"closed","sticky":false,"template":"","format":"standard","meta":[],"categories":[36],"tags":[],"_links":{"self":[{"href":"https:\/\/www.leccecronaca.it\/index.php\/wp-json\/wp\/v2\/posts\/72339"}],"collection":[{"href":"https:\/\/www.leccecronaca.it\/index.php\/wp-json\/wp\/v2\/posts"}],"about":[{"href":"https:\/\/www.leccecronaca.it\/index.php\/wp-json\/wp\/v2\/types\/post"}],"author":[{"embeddable":true,"href":"https:\/\/www.leccecronaca.it\/index.php\/wp-json\/wp\/v2\/users\/4"}],"replies":[{"embeddable":true,"href":"https:\/\/www.leccecronaca.it\/index.php\/wp-json\/wp\/v2\/comments?post=72339"}],"version-history":[{"count":2,"href":"https:\/\/www.leccecronaca.it\/index.php\/wp-json\/wp\/v2\/posts\/72339\/revisions"}],"predecessor-version":[{"id":72342,"href":"https:\/\/www.leccecronaca.it\/index.php\/wp-json\/wp\/v2\/posts\/72339\/revisions\/72342"}],"wp:featuredmedia":[{"embeddable":true,"href":"https:\/\/www.leccecronaca.it\/index.php\/wp-json\/wp\/v2\/media\/72340"}],"wp:attachment":[{"href":"https:\/\/www.leccecronaca.it\/index.php\/wp-json\/wp\/v2\/media?parent=72339"}],"wp:term":[{"taxonomy":"category","embeddable":true,"href":"https:\/\/www.leccecronaca.it\/index.php\/wp-json\/wp\/v2\/categories?post=72339"},{"taxonomy":"post_tag","embeddable":true,"href":"https:\/\/www.leccecronaca.it\/index.php\/wp-json\/wp\/v2\/tags?post=72339"}],"curies":[{"name":"wp","href":"https:\/\/api.w.org\/{rel}","templated":true}]}}