{"id":72848,"date":"2016-03-03T00:05:50","date_gmt":"2016-03-02T23:05:50","guid":{"rendered":"http:\/\/www.leccecronaca.it\/?p=72848"},"modified":"2016-03-02T19:50:37","modified_gmt":"2016-03-02T18:50:37","slug":"i-nostri-amici-animali-le-storie-di-federica-67","status":"publish","type":"post","link":"https:\/\/www.leccecronaca.it\/index.php\/2016\/03\/03\/i-nostri-amici-animali-le-storie-di-federica-67\/","title":{"rendered":"I NOSTRI AMICI ANIMALI \/ LE STORIE DI FEDERICA"},"content":{"rendered":"<p><a href=\"https:\/\/www.leccecronaca.it\/wordpress\/wp-content\/uploads\/2016\/01\/12552821_10208856700164076_1745277023548390879_n.jpg\"><img decoding=\"async\" loading=\"lazy\" width=\"576\" height=\"960\" title=\"12552821_10208856700164076_1745277023548390879_n\" class=\"alignleft size-full wp-image-72854\" alt=\"\" src=\"https:\/\/www.leccecronaca.it\/wordpress\/wp-content\/uploads\/2016\/01\/12552821_10208856700164076_1745277023548390879_n.jpg\" srcset=\"https:\/\/www.leccecronaca.it\/wordpress\/wp-content\/uploads\/2016\/01\/12552821_10208856700164076_1745277023548390879_n.jpg 576w, https:\/\/www.leccecronaca.it\/wordpress\/wp-content\/uploads\/2016\/01\/12552821_10208856700164076_1745277023548390879_n-180x300.jpg 180w\" sizes=\"(max-width: 576px) 100vw, 576px\" \/><\/a>Pascal, nella foto della nostra amica Elisabetta Polo di Nard\u00f2. Che c&#8217;\u00e8 di strano? Beh, Pascal \u00e8 vegetariano, e allora?<\/p>\n<fb:like href='https:\/\/www.leccecronaca.it\/index.php\/2016\/03\/03\/i-nostri-amici-animali-le-storie-di-federica-67\/' send='true' layout='button_count' show_faces='true' width='450' height='65' action='recommend' colorscheme='light' font='lucida grande'><\/fb:like><span class=\"fb_share\"><fb:like href=\"https:\/\/www.leccecronaca.it\/index.php\/2016\/03\/03\/i-nostri-amici-animali-le-storie-di-federica-67\/\" layout=\"button_count\"><\/fb:like><\/span>","protected":false},"excerpt":{"rendered":"<p>Pascal, nella foto della nostra amica Elisabetta Polo di Nard\u00f2. Che c&#8217;\u00e8 di strano? Beh, Pascal \u00e8 vegetariano, e allora?<\/p>\n","protected":false},"author":4,"featured_media":72854,"comment_status":"open","ping_status":"closed","sticky":false,"template":"","format":"standard","meta":[],"categories":[78],"tags":[],"_links":{"self":[{"href":"https:\/\/www.leccecronaca.it\/index.php\/wp-json\/wp\/v2\/posts\/72848"}],"collection":[{"href":"https:\/\/www.leccecronaca.it\/index.php\/wp-json\/wp\/v2\/posts"}],"about":[{"href":"https:\/\/www.leccecronaca.it\/index.php\/wp-json\/wp\/v2\/types\/post"}],"author":[{"embeddable":true,"href":"https:\/\/www.leccecronaca.it\/index.php\/wp-json\/wp\/v2\/users\/4"}],"replies":[{"embeddable":true,"href":"https:\/\/www.leccecronaca.it\/index.php\/wp-json\/wp\/v2\/comments?post=72848"}],"version-history":[{"count":6,"href":"https:\/\/www.leccecronaca.it\/index.php\/wp-json\/wp\/v2\/posts\/72848\/revisions"}],"predecessor-version":[{"id":76915,"href":"https:\/\/www.leccecronaca.it\/index.php\/wp-json\/wp\/v2\/posts\/72848\/revisions\/76915"}],"wp:featuredmedia":[{"embeddable":true,"href":"https:\/\/www.leccecronaca.it\/index.php\/wp-json\/wp\/v2\/media\/72854"}],"wp:attachment":[{"href":"https:\/\/www.leccecronaca.it\/index.php\/wp-json\/wp\/v2\/media?parent=72848"}],"wp:term":[{"taxonomy":"category","embeddable":true,"href":"https:\/\/www.leccecronaca.it\/index.php\/wp-json\/wp\/v2\/categories?post=72848"},{"taxonomy":"post_tag","embeddable":true,"href":"https:\/\/www.leccecronaca.it\/index.php\/wp-json\/wp\/v2\/tags?post=72848"}],"curies":[{"name":"wp","href":"https:\/\/api.w.org\/{rel}","templated":true}]}}