{"id":73756,"date":"2016-02-05T14:22:28","date_gmt":"2016-02-05T13:22:28","guid":{"rendered":"http:\/\/www.leccecronaca.it\/?p=73756"},"modified":"2016-02-05T14:22:47","modified_gmt":"2016-02-05T13:22:47","slug":"piazza-palio-chiusa-ai-bus-extraurbani","status":"publish","type":"post","link":"https:\/\/www.leccecronaca.it\/index.php\/2016\/02\/05\/piazza-palio-chiusa-ai-bus-extraurbani\/","title":{"rendered":"PIAZZA PALIO CHIUSA AI BUS EXTRAURBANI"},"content":{"rendered":"<p><a href=\"https:\/\/www.leccecronaca.it\/wordpress\/wp-content\/uploads\/2016\/02\/1541117_635667489931424547_L_autobus_in_panne_392x293.jpg\"><img decoding=\"async\" loading=\"lazy\" width=\"392\" height=\"293\" title=\"1541117_635667489931424547_L_autobus_in_panne_392x293\" class=\"alignleft size-full wp-image-73757\" alt=\"\" src=\"https:\/\/www.leccecronaca.it\/wordpress\/wp-content\/uploads\/2016\/02\/1541117_635667489931424547_L_autobus_in_panne_392x293.jpg\" srcset=\"https:\/\/www.leccecronaca.it\/wordpress\/wp-content\/uploads\/2016\/02\/1541117_635667489931424547_L_autobus_in_panne_392x293.jpg 392w, https:\/\/www.leccecronaca.it\/wordpress\/wp-content\/uploads\/2016\/02\/1541117_635667489931424547_L_autobus_in_panne_392x293-300x224.jpg 300w\" sizes=\"(max-width: 392px) 100vw, 392px\" \/><\/a>L&#8217; ufficio stampa del Comune di Lecce comunica che &#8220;a partire da luned\u00ec 8 febbraio sar\u00e0 istituito il divieto di transito a tutti gli autobus extraurbani in piazza Palio e verr\u00e0 trasferito il capolinea delle Ferrovie Sud Est e della Stp dalle loro attuali sedi (rispettivamente di piazzale Vittime del Terrorismo e di via Torre del Parco), al piazzale adiacente il Palazzetto dello Sport, nelle vicinanze di piazza Palio.<\/p>\n<p>\u201c<em>Con questo provvedimento<\/em> &#8211; spiega l&#8217;assessore al Traffico e alla Mobilit\u00e0 del Comune di Lecce, Luca Pasqualini &#8211; <em>abbiamo accolto le richieste dei cittadini e le segnalazioni dei dirigenti scolastici, in particolare la preside del liceo Banzi, che lamentano l&#8217;estrema pericolosit\u00e0 per i numerosi studenti che frequentano la zona soprattutto negli orari di entrata e di uscita da scuola a causa del continuo attraversamento della Piazza da parte dei bus extraurbani, nonch\u00e9 i ritardi con cui gli studenti arrivano a lezione a causa del tragitto da percorrere a piedi dal capolinea attuale fino alle rispettive sedi scolastiche. Insomma, da ora in avanti garantiremo maggiore sicurezza a studenti e docenti<\/em>\u201d.<\/p>\n<p>Con le misura adottate (ordinanza dirigenziale n. 70-2016) si raggiungono cos\u00ec diversi obiettivi: la chiusura di piazza Palio al transito dei bus extraurbani render\u00e0 pi\u00f9 sicura tutta l&#8217;area ai numerosi studenti dei tre istituti scolastici presenti nella zona; lo spostamento del capolinea nei pressi del Palazzetto dello Sport render\u00e0 pi\u00f9 sicuro e veloce il raggiungimento degli Istituti Scolastici da parte degli studenti; con lo spostamento del capolinea della Stp si \u00e8 reso disponibile il viale interno di via Torre del Parco adiacente la recinzione della sede della Asl, con incremento dei posti a parcheggio per le auto; con lo spostamento del capolinea delle Ferrovie Sud Est si \u00e8 incrementata, altres\u00ec, la capienza del parcheggio del Piazzale Vittime del Terrorismo; con gli altri provvedimenti di interdizione al transito dei bus extraurbani si eliminano gli ingorghi e sovraccarichi su strade secondarie, favorendo il transito di tali bus su arterie con maggiore capacit\u00e0 e possibilit\u00e0 di deflusso veicolare, favorendo cos\u00ec la riduzione dell&#8217;inquinamento atmosferico ed acustico&#8221;.<\/p>\n<p>&nbsp;<\/p>\n<p>&nbsp;<\/p>\n<fb:like href='https:\/\/www.leccecronaca.it\/index.php\/2016\/02\/05\/piazza-palio-chiusa-ai-bus-extraurbani\/' send='true' layout='button_count' show_faces='true' width='450' height='65' action='recommend' colorscheme='light' font='lucida grande'><\/fb:like><span class=\"fb_share\"><fb:like href=\"https:\/\/www.leccecronaca.it\/index.php\/2016\/02\/05\/piazza-palio-chiusa-ai-bus-extraurbani\/\" layout=\"button_count\"><\/fb:like><\/span>","protected":false},"excerpt":{"rendered":"<p>L&#8217; ufficio stampa del Comune di Lecce comunica che &#8220;a partire da luned\u00ec 8 febbraio sar\u00e0 istituito il divieto di transito a tutti gli autobus extraurbani in piazza Palio e verr\u00e0 trasferito il capolinea delle Ferrovie Sud Est e della Stp dalle loro attuali sedi (rispettivamente di piazzale Vittime del Terrorismo e di via Torre [&hellip;]<\/p>\n","protected":false},"author":4,"featured_media":73757,"comment_status":"open","ping_status":"closed","sticky":false,"template":"","format":"standard","meta":[],"categories":[36],"tags":[],"_links":{"self":[{"href":"https:\/\/www.leccecronaca.it\/index.php\/wp-json\/wp\/v2\/posts\/73756"}],"collection":[{"href":"https:\/\/www.leccecronaca.it\/index.php\/wp-json\/wp\/v2\/posts"}],"about":[{"href":"https:\/\/www.leccecronaca.it\/index.php\/wp-json\/wp\/v2\/types\/post"}],"author":[{"embeddable":true,"href":"https:\/\/www.leccecronaca.it\/index.php\/wp-json\/wp\/v2\/users\/4"}],"replies":[{"embeddable":true,"href":"https:\/\/www.leccecronaca.it\/index.php\/wp-json\/wp\/v2\/comments?post=73756"}],"version-history":[{"count":3,"href":"https:\/\/www.leccecronaca.it\/index.php\/wp-json\/wp\/v2\/posts\/73756\/revisions"}],"predecessor-version":[{"id":73761,"href":"https:\/\/www.leccecronaca.it\/index.php\/wp-json\/wp\/v2\/posts\/73756\/revisions\/73761"}],"wp:featuredmedia":[{"embeddable":true,"href":"https:\/\/www.leccecronaca.it\/index.php\/wp-json\/wp\/v2\/media\/73757"}],"wp:attachment":[{"href":"https:\/\/www.leccecronaca.it\/index.php\/wp-json\/wp\/v2\/media?parent=73756"}],"wp:term":[{"taxonomy":"category","embeddable":true,"href":"https:\/\/www.leccecronaca.it\/index.php\/wp-json\/wp\/v2\/categories?post=73756"},{"taxonomy":"post_tag","embeddable":true,"href":"https:\/\/www.leccecronaca.it\/index.php\/wp-json\/wp\/v2\/tags?post=73756"}],"curies":[{"name":"wp","href":"https:\/\/api.w.org\/{rel}","templated":true}]}}