{"id":73795,"date":"2016-02-12T00:10:47","date_gmt":"2016-02-11T23:10:47","guid":{"rendered":"http:\/\/www.leccecronaca.it\/?p=73795"},"modified":"2016-02-11T21:51:13","modified_gmt":"2016-02-11T20:51:13","slug":"diario-del-giorno-dopo-corsi-ecologia-di-base-a-leverano-sabato-13","status":"publish","type":"post","link":"https:\/\/www.leccecronaca.it\/index.php\/2016\/02\/12\/diario-del-giorno-dopo-corsi-ecologia-di-base-a-leverano-sabato-13\/","title":{"rendered":"DIARIO DEL GIORNO DOPO \/ CORSI \/ ECOLOGIA DI BASE A LEVERANO SABATO 13"},"content":{"rendered":"<p><a href=\"https:\/\/www.leccecronaca.it\/wordpress\/wp-content\/uploads\/2016\/02\/1545646_278161222337936_1983981375_n.jpg\"><img decoding=\"async\" loading=\"lazy\" width=\"300\" height=\"322\" title=\"1545646_278161222337936_1983981375_n\" class=\"alignleft size-full wp-image-73797\" alt=\"\" src=\"https:\/\/www.leccecronaca.it\/wordpress\/wp-content\/uploads\/2016\/02\/1545646_278161222337936_1983981375_n.jpg\" srcset=\"https:\/\/www.leccecronaca.it\/wordpress\/wp-content\/uploads\/2016\/02\/1545646_278161222337936_1983981375_n.jpg 300w, https:\/\/www.leccecronaca.it\/wordpress\/wp-content\/uploads\/2016\/02\/1545646_278161222337936_1983981375_n-279x300.jpg 279w\" sizes=\"(max-width: 300px) 100vw, 300px\" \/><\/a>Sabato 13 febbraio, alle 17.30, a Leverano, nel salone della Chiesa Madre, in via Vincenzo Perrone, per il corso di ecologia di base organizzato dal Meetup &#8220;Leverano a 5 stelle&#8221;, ci sar\u00e0 l&#8217; incontro dedicato al tema: &#8220;Ecosistemi piante terreno acqua aria&#8221;.<\/p>\n<p>Si parler\u00e0, in particolare, di organismi geneticamente modificati, biodiversit\u00e0 salentina, buone pratiche agricole.<\/p>\n<p>Relatori: l&#8217; agronomo e consigliere regionale Cristian Casili, e il coordinatore civico per la tutela del territorio Oreste Caroppo (nella foto).<\/p>\n<p>Ingresso libero.<\/p>\n<fb:like href='https:\/\/www.leccecronaca.it\/index.php\/2016\/02\/12\/diario-del-giorno-dopo-corsi-ecologia-di-base-a-leverano-sabato-13\/' send='true' layout='button_count' show_faces='true' width='450' height='65' action='recommend' colorscheme='light' font='lucida grande'><\/fb:like><span class=\"fb_share\"><fb:like href=\"https:\/\/www.leccecronaca.it\/index.php\/2016\/02\/12\/diario-del-giorno-dopo-corsi-ecologia-di-base-a-leverano-sabato-13\/\" layout=\"button_count\"><\/fb:like><\/span>","protected":false},"excerpt":{"rendered":"<p>Sabato 13 febbraio, alle 17.30, a Leverano, nel salone della Chiesa Madre, in via Vincenzo Perrone, per il corso di ecologia di base organizzato dal Meetup &#8220;Leverano a 5 stelle&#8221;, ci sar\u00e0 l&#8217; incontro dedicato al tema: &#8220;Ecosistemi piante terreno acqua aria&#8221;. Si parler\u00e0, in particolare, di organismi geneticamente modificati, biodiversit\u00e0 salentina, buone pratiche agricole. [&hellip;]<\/p>\n","protected":false},"author":4,"featured_media":73797,"comment_status":"open","ping_status":"closed","sticky":false,"template":"","format":"standard","meta":[],"categories":[75],"tags":[],"_links":{"self":[{"href":"https:\/\/www.leccecronaca.it\/index.php\/wp-json\/wp\/v2\/posts\/73795"}],"collection":[{"href":"https:\/\/www.leccecronaca.it\/index.php\/wp-json\/wp\/v2\/posts"}],"about":[{"href":"https:\/\/www.leccecronaca.it\/index.php\/wp-json\/wp\/v2\/types\/post"}],"author":[{"embeddable":true,"href":"https:\/\/www.leccecronaca.it\/index.php\/wp-json\/wp\/v2\/users\/4"}],"replies":[{"embeddable":true,"href":"https:\/\/www.leccecronaca.it\/index.php\/wp-json\/wp\/v2\/comments?post=73795"}],"version-history":[{"count":2,"href":"https:\/\/www.leccecronaca.it\/index.php\/wp-json\/wp\/v2\/posts\/73795\/revisions"}],"predecessor-version":[{"id":74464,"href":"https:\/\/www.leccecronaca.it\/index.php\/wp-json\/wp\/v2\/posts\/73795\/revisions\/74464"}],"wp:featuredmedia":[{"embeddable":true,"href":"https:\/\/www.leccecronaca.it\/index.php\/wp-json\/wp\/v2\/media\/73797"}],"wp:attachment":[{"href":"https:\/\/www.leccecronaca.it\/index.php\/wp-json\/wp\/v2\/media?parent=73795"}],"wp:term":[{"taxonomy":"category","embeddable":true,"href":"https:\/\/www.leccecronaca.it\/index.php\/wp-json\/wp\/v2\/categories?post=73795"},{"taxonomy":"post_tag","embeddable":true,"href":"https:\/\/www.leccecronaca.it\/index.php\/wp-json\/wp\/v2\/tags?post=73795"}],"curies":[{"name":"wp","href":"https:\/\/api.w.org\/{rel}","templated":true}]}}