{"id":73842,"date":"2016-02-06T17:25:20","date_gmt":"2016-02-06T16:25:20","guid":{"rendered":"http:\/\/www.leccecronaca.it\/?p=73842"},"modified":"2016-02-06T17:25:20","modified_gmt":"2016-02-06T16:25:20","slug":"lo-scarico-a-mare-dei-rifiuti-reflui-a-nardo","status":"publish","type":"post","link":"https:\/\/www.leccecronaca.it\/index.php\/2016\/02\/06\/lo-scarico-a-mare-dei-rifiuti-reflui-a-nardo\/","title":{"rendered":"LO SCARICO A MARE DEI RIFIUTI REFLUI A NARDO&#8217;"},"content":{"rendered":"<p><a href=\"https:\/\/www.leccecronaca.it\/wordpress\/wp-content\/uploads\/2016\/02\/img_archivio526201519250.jpg\"><img decoding=\"async\" loading=\"lazy\" width=\"600\" height=\"400\" title=\"img_archivio526201519250\" class=\"alignleft size-full wp-image-73843\" alt=\"\" src=\"https:\/\/www.leccecronaca.it\/wordpress\/wp-content\/uploads\/2016\/02\/img_archivio526201519250.jpg\" srcset=\"https:\/\/www.leccecronaca.it\/wordpress\/wp-content\/uploads\/2016\/02\/img_archivio526201519250.jpg 600w, https:\/\/www.leccecronaca.it\/wordpress\/wp-content\/uploads\/2016\/02\/img_archivio526201519250-300x200.jpg 300w\" sizes=\"(max-width: 600px) 100vw, 600px\" \/><\/a>Da Nard\u00f2, riceviamo e volentieri pubblichiamo la seguente nota di Flavio Maglio sulla questione dello\u00a0scarico a mare dei rifiuti reflui______<\/p>\n<p>A seguito di una estenuante battaglia, durante il mio assessorato, per il riconoscimento prima delle cinque vele, poi di una soluzione alternativa allo scarico in mare dei reflui, fui artefice di una proposta quale la fitodepurazione e la costruzione di un impianto di affinamento delle acque.<\/p>\n<p>Ad oggi l&#8217;amministrazione comunale di Nard\u00f2 sceglie ancora la soluzione pi\u00f9 dannosa per l&#8217;ambiente decidendo per lo scarico in mare dei reflui: soluzione inaccettabile che condanna il nostro mare, straordinaria fonte di attrazione turistica. Gi\u00e0 tre anni fa avevo sottoposto una soluzione ad Aqp e Regione che si espressero positivamente; si tratta della soluzione ottimale, da un punto di vista tecnologico, economico, sociale, ma ancor di pi\u00f9 ecologico, per i reflui dell&#8217;agglomerato di Nard\u00f2 e Porto Cesareo e per la gestione degli stessi sulla terraferma.<\/p>\n<p>\u00c8 imprescindibile l&#8217;applicazione di soluzioni integrate in armonia con i cicli naturali e rispettose delle vigenti norme di settore, derogabili con modifiche ove necessario.<\/p>\n<p>Destinare i reflui al mare in qualit\u00e0 di recapito finale rappresenta un fallimento socio-ecologico ed uno spreco inaccettabile del bene primario &#8220;acqua&#8221;, anche se previsto dall&#8217;attuale Piano di Tutela delle Acque; questa tesi \u00e8 avvalorata ancor pi\u00f9 dalla presenza di pregiati habitat che nel tempo sono stati tradotti in parchi naturali e siti d&#8217;interesse comunitario.<\/p>\n<p>L&#8217;ubicazione dell&#8217;attuale depuratore di Nard\u00f2, distante da centri abitati e accerchiato da migliaia di ettari di terreno dai costi contenuti ed accessibili, si presta in modo eccellente a soluzioni alternative per il recapito finale. \u00a0 Sistemi naturali di affinamento, quali gli stagni aerobici o bacini di fitodepurazione, rappresentano senza dubbio una valida alternativa allo scarico in mare, soluzione che sarebbe in grado di far fronte, molto efficacemente, alle fluttuazioni di carico idraulico tipiche delle zone a turismo stagionale; l&#8217;opportunit\u00e0 di avere acqua dolce in superficie in un territorio sitibondo come il nostro, causa la natura carsica dello stesso, sarebbe indiscutibilmente un beneficio per l&#8217;agricoltura, l&#8217;avifauna, l&#8217;emergenza incendi e per la vessata falda acquifera.<\/p>\n<p>Le condizioni meteo-climatiche della provincia leccese, che vive intensi periodi di siccit\u00e0, non si prestano ad apprezzabili produzioni di biomasse legnose, sicch\u00e9 la gestione dei reflui pu\u00f2 rappresentare una occasione di recupero dei terreni abbandonati da destinare alla piantumazione di essenze vegetali ad alto rendimento, in grado di assorbire le acque depurate e dare vita ad un polmone verde atto a migliorare la qualit\u00e0 dell&#8217;aria che respiriamo. \u00a0 La mia proposta \u00e8 stata, e ancora oggi \u00e9 , trasformare quello che viene considerato un problema, le acque reflue da smaltire, in una opportunit\u00e0 da sfruttare, cio\u00e8 la produzione di biomasse vegetali.<\/p>\n<p>Sfruttando una superficie che si aggiri tra i 30 ed i 50 ettari, piantumata, si gestirebbero i reflui dell&#8217;attuale piano di collettamento di Porto Cesareo a Nard\u00f2 e marine contigue; pertanto, assegnando un valore di circa 7000 euro per ettaro ad un terreno agricolo di bassa produzione, emerge anche il carattere di economicit\u00e0 dell&#8217;iniziativa proposta.<\/p>\n<p>Secondo gli esperti, l&#8217;esigenza di acqua dolce di soccorso nei circostanti bacini irrigui nei mesi estivi, non \u00e8 in grado di assorbire il quantitativo totale delle acque depurate, nonostante ci\u00f2 questo non rappresenta un giusto pretesto per destinare l&#8217;eccesso in mare. Il riutilizzo dei reflui e dei fanghi deve possibilmente avvenire nell&#8217;ambito della stessa realt\u00e0 in cui sono stati prodotti, al fine di una chiusura dei cicli naturali e maggiore economicit\u00e0. \u00a0 Nel Consiglio Comunale, il gruppo Udc, per mezzo del lavoro da me svolto, ha inoltrato questa dettagliata proposta ad Aqp e Regione Puglia che l&#8217;hanno recepita e dichiarata concretamente applicabile. \u00a0 L&#8217;invito per l&#8217;attuale amministrazione sarebbe di proseguire sulle tracce di questa mia proposta e lavorare in questa direzione, evitando quello che invece ancora una volta \u00e8 stato fatto: condannare il territorio ad un disastro ambientale.<\/p>\n<fb:like href='https:\/\/www.leccecronaca.it\/index.php\/2016\/02\/06\/lo-scarico-a-mare-dei-rifiuti-reflui-a-nardo\/' send='true' layout='button_count' show_faces='true' width='450' height='65' action='recommend' colorscheme='light' font='lucida grande'><\/fb:like><span class=\"fb_share\"><fb:like href=\"https:\/\/www.leccecronaca.it\/index.php\/2016\/02\/06\/lo-scarico-a-mare-dei-rifiuti-reflui-a-nardo\/\" layout=\"button_count\"><\/fb:like><\/span>","protected":false},"excerpt":{"rendered":"<p>Da Nard\u00f2, riceviamo e volentieri pubblichiamo la seguente nota di Flavio Maglio sulla questione dello\u00a0scarico a mare dei rifiuti reflui______ A seguito di una estenuante battaglia, durante il mio assessorato, per il riconoscimento prima delle cinque vele, poi di una soluzione alternativa allo scarico in mare dei reflui, fui artefice di una proposta quale la [&hellip;]<\/p>\n","protected":false},"author":4,"featured_media":73843,"comment_status":"open","ping_status":"closed","sticky":false,"template":"","format":"standard","meta":[],"categories":[36],"tags":[],"_links":{"self":[{"href":"https:\/\/www.leccecronaca.it\/index.php\/wp-json\/wp\/v2\/posts\/73842"}],"collection":[{"href":"https:\/\/www.leccecronaca.it\/index.php\/wp-json\/wp\/v2\/posts"}],"about":[{"href":"https:\/\/www.leccecronaca.it\/index.php\/wp-json\/wp\/v2\/types\/post"}],"author":[{"embeddable":true,"href":"https:\/\/www.leccecronaca.it\/index.php\/wp-json\/wp\/v2\/users\/4"}],"replies":[{"embeddable":true,"href":"https:\/\/www.leccecronaca.it\/index.php\/wp-json\/wp\/v2\/comments?post=73842"}],"version-history":[{"count":2,"href":"https:\/\/www.leccecronaca.it\/index.php\/wp-json\/wp\/v2\/posts\/73842\/revisions"}],"predecessor-version":[{"id":73845,"href":"https:\/\/www.leccecronaca.it\/index.php\/wp-json\/wp\/v2\/posts\/73842\/revisions\/73845"}],"wp:featuredmedia":[{"embeddable":true,"href":"https:\/\/www.leccecronaca.it\/index.php\/wp-json\/wp\/v2\/media\/73843"}],"wp:attachment":[{"href":"https:\/\/www.leccecronaca.it\/index.php\/wp-json\/wp\/v2\/media?parent=73842"}],"wp:term":[{"taxonomy":"category","embeddable":true,"href":"https:\/\/www.leccecronaca.it\/index.php\/wp-json\/wp\/v2\/categories?post=73842"},{"taxonomy":"post_tag","embeddable":true,"href":"https:\/\/www.leccecronaca.it\/index.php\/wp-json\/wp\/v2\/tags?post=73842"}],"curies":[{"name":"wp","href":"https:\/\/api.w.org\/{rel}","templated":true}]}}