{"id":74384,"date":"2016-02-10T23:27:25","date_gmt":"2016-02-10T22:27:25","guid":{"rendered":"http:\/\/www.leccecronaca.it\/?p=74384"},"modified":"2016-02-10T23:38:06","modified_gmt":"2016-02-10T22:38:06","slug":"centrale-a-biometano-doppio-no-oggi-e-domani","status":"publish","type":"post","link":"https:\/\/www.leccecronaca.it\/index.php\/2016\/02\/10\/centrale-a-biometano-doppio-no-oggi-e-domani\/","title":{"rendered":"CENTRALE A BIOMETANO DI MONTERONI, ECCO LE RAGIONI DEL DOPPIO NO DI OGGI E DOMANI"},"content":{"rendered":"<p><strong><a href=\"https:\/\/www.leccecronaca.it\/wordpress\/wp-content\/uploads\/2016\/02\/12736255_954763351225693_417911916_n.jpg\"><img decoding=\"async\" loading=\"lazy\" width=\"300\" height=\"168\" title=\"12736255_954763351225693_417911916_n\" class=\"alignleft size-medium wp-image-74385\" alt=\"\" src=\"https:\/\/www.leccecronaca.it\/wordpress\/wp-content\/uploads\/2016\/02\/12736255_954763351225693_417911916_n-300x168.jpg\" srcset=\"https:\/\/www.leccecronaca.it\/wordpress\/wp-content\/uploads\/2016\/02\/12736255_954763351225693_417911916_n-300x168.jpg 300w, https:\/\/www.leccecronaca.it\/wordpress\/wp-content\/uploads\/2016\/02\/12736255_954763351225693_417911916_n.jpg 960w\" sizes=\"(max-width: 300px) 100vw, 300px\" \/><\/a><\/strong>di<strong> Emanuele Lezzi______<\/strong><\/p>\n<p>Doppia giornata di mobilitazione contro la Centrale a Biometano prevista nel territorio di Monteroni.<br \/>\nUn\u2019assemblea con i cittadini si \u00e8 svolta questa sera nell\u2019aula consiliare in piazza Falconieri a Monteroni ed una manifestazione pubblica vi sar\u00e0 domani, gioved\u00ec 11 febbraio alle ore 9 a Lecce, presso la sede della Provincia in via Botti (nei pressi del vecchio Vito Fazzi).<\/p>\n<p>L\u2019assemblea di questa sera \u00e8 stata propedeutica proprio alla manifestazione di domattina \u00a0organizzata dal Comitato NO Centrale Biometano Monteroni.<\/p>\n<p><a href=\"https:\/\/www.leccecronaca.it\/wordpress\/wp-content\/uploads\/2016\/02\/12714098_954763437892351_1498445193_n.jpg\"><img decoding=\"async\" loading=\"lazy\" width=\"300\" height=\"225\" title=\"12714098_954763437892351_1498445193_n\" class=\"alignleft size-medium wp-image-74387\" alt=\"\" src=\"https:\/\/www.leccecronaca.it\/wordpress\/wp-content\/uploads\/2016\/02\/12714098_954763437892351_1498445193_n-300x225.jpg\" srcset=\"https:\/\/www.leccecronaca.it\/wordpress\/wp-content\/uploads\/2016\/02\/12714098_954763437892351_1498445193_n-300x225.jpg 300w, https:\/\/www.leccecronaca.it\/wordpress\/wp-content\/uploads\/2016\/02\/12714098_954763437892351_1498445193_n.jpg 960w\" sizes=\"(max-width: 300px) 100vw, 300px\" \/><\/a>Molto partecipata da cittadini e associazioni, ha visto la presenza anche degli amministratori comunali come pure anche di alcuni amministratori di paesi limitrofi.<\/p>\n<p>Molto sentito \u00e8 stato l\u2019intervento del\u00a0dottor Giuseppe\u00a0Serravezza della LILT(Lega Italiana Lotta contro i Tumori,) e anche l\u2019intervento del Sindaco di Monteroni che insieme ai singoli cittadini, alle associazioni, e alle tante forze politiche che hanno deciso di appoggiare la mobilitazione, si \u00e8 posto al fianco dei cittadini.<\/p>\n<p>Entrambi si sono espressi in maniera fortemente negativa riguardo alla Centrale, sia per le possibili ricadute sulla salute ed anche per l\u2019ubicazione dell\u2019impianto e per la sua estrema vicinanza al centro abitato.<\/p>\n<p>Insomma tutti compatti per dire un deciso no ad un impianto per il recupero del gas metano che, a quanto emerso dalla manifestazione, sarebbe sconveniente non solo per la salute, ma anche a livello energetico. Se non fosse per gli incentivi infatti, a quanto affermano gli attivisti, il bilancio energetico sarebbe tutto in negativo, perch\u00e9 il costo energetico che servirebbe per far funzionare tutta la filiera sarebbe superiore a quella prodotta, considerando che molto probabilmente si dovrebbe far arrivare materiale perfino dal nord Italia, oltre a dover forse creare colture apposite dedicate al funzionamento dello stesso impianto.<\/p>\n<p>Poi vi sarebbe l\u2019aspetto sanitario, perch\u00e9 il biometano prodotto, una volta bruciato, produrrebbe emissioni e rischi per la salute. Ma secondo gli ambientalisti sarebbe tutto il processo a presentare rischi sanitari, con possibili produzioni di batteri nocivi come la salmonella ed altri a causa del sue essere un processo anaerobico.<\/p>\n<p>A livello di bilancio energetico, ci dicono da alcune associazioni, sarebbe meglio e pi\u00f9 logico far tornare quella sostanza organica direttamente alla terra, con un processo aerobico e pi\u00f9 naturale. In questo modo il carbonio verrebbe fissato nel terreno e la sostanza organica darebbe struttura al suolo, lo stesso diverrebbe molto pi\u00f9 fertile e pi\u00f9 equilibrato, pi\u00f9 vivo e pi\u00f9 stabile, oltre che meno soggetto a dissesti idrogeologici. Con un bilancio energetico ed economico pi\u00f9 che positivo.<\/p>\n<p>Dunque i manifestanti e tutti i cittadini che vorranno intervenire, si ritroveranno gioved\u00ec gi\u00e0 dalle 9 a Lecce, per una manifestazione autorizzata dalla Questura, che vuole ribadire e rafforzare le ragioni del no alla Centrale proprio mentre nei locali della Provincia si svolger\u00e0 la Conferenza di Servizi che si dovr\u00e0 esprimere sul progetto.<\/p>\n<fb:like href='https:\/\/www.leccecronaca.it\/index.php\/2016\/02\/10\/centrale-a-biometano-doppio-no-oggi-e-domani\/' send='true' layout='button_count' show_faces='true' width='450' height='65' action='recommend' colorscheme='light' font='lucida grande'><\/fb:like><span class=\"fb_share\"><fb:like href=\"https:\/\/www.leccecronaca.it\/index.php\/2016\/02\/10\/centrale-a-biometano-doppio-no-oggi-e-domani\/\" layout=\"button_count\"><\/fb:like><\/span>","protected":false},"excerpt":{"rendered":"<p>di Emanuele Lezzi______ Doppia giornata di mobilitazione contro la Centrale a Biometano prevista nel territorio di Monteroni. Un\u2019assemblea con i cittadini si \u00e8 svolta questa sera nell\u2019aula consiliare in piazza Falconieri a Monteroni ed una manifestazione pubblica vi sar\u00e0 domani, gioved\u00ec 11 febbraio alle ore 9 a Lecce, presso la sede della Provincia in via [&hellip;]<\/p>\n","protected":false},"author":4,"featured_media":0,"comment_status":"open","ping_status":"closed","sticky":false,"template":"","format":"standard","meta":[],"categories":[69,76],"tags":[],"_links":{"self":[{"href":"https:\/\/www.leccecronaca.it\/index.php\/wp-json\/wp\/v2\/posts\/74384"}],"collection":[{"href":"https:\/\/www.leccecronaca.it\/index.php\/wp-json\/wp\/v2\/posts"}],"about":[{"href":"https:\/\/www.leccecronaca.it\/index.php\/wp-json\/wp\/v2\/types\/post"}],"author":[{"embeddable":true,"href":"https:\/\/www.leccecronaca.it\/index.php\/wp-json\/wp\/v2\/users\/4"}],"replies":[{"embeddable":true,"href":"https:\/\/www.leccecronaca.it\/index.php\/wp-json\/wp\/v2\/comments?post=74384"}],"version-history":[{"count":5,"href":"https:\/\/www.leccecronaca.it\/index.php\/wp-json\/wp\/v2\/posts\/74384\/revisions"}],"predecessor-version":[{"id":74391,"href":"https:\/\/www.leccecronaca.it\/index.php\/wp-json\/wp\/v2\/posts\/74384\/revisions\/74391"}],"wp:attachment":[{"href":"https:\/\/www.leccecronaca.it\/index.php\/wp-json\/wp\/v2\/media?parent=74384"}],"wp:term":[{"taxonomy":"category","embeddable":true,"href":"https:\/\/www.leccecronaca.it\/index.php\/wp-json\/wp\/v2\/categories?post=74384"},{"taxonomy":"post_tag","embeddable":true,"href":"https:\/\/www.leccecronaca.it\/index.php\/wp-json\/wp\/v2\/tags?post=74384"}],"curies":[{"name":"wp","href":"https:\/\/api.w.org\/{rel}","templated":true}]}}