{"id":74454,"date":"2016-02-11T21:25:55","date_gmt":"2016-02-11T20:25:55","guid":{"rendered":"http:\/\/www.leccecronaca.it\/?p=74454"},"modified":"2016-02-11T21:27:20","modified_gmt":"2016-02-11T20:27:20","slug":"se-ne-va-da-scuola-a-fare-shopping-a-un-anno-e-mezzo","status":"publish","type":"post","link":"https:\/\/www.leccecronaca.it\/index.php\/2016\/02\/11\/se-ne-va-da-scuola-a-fare-shopping-a-un-anno-e-mezzo\/","title":{"rendered":"SE NE VA DA SCUOLA A FARE SHOPPING, A UN ANNO E MEZZO, INCREDIBILE IN UN &#8216;NIDO&#8217; DI BRINDISI"},"content":{"rendered":"<p><a href=\"https:\/\/www.leccecronaca.it\/wordpress\/wp-content\/uploads\/2016\/02\/nido.jpg\"><img decoding=\"async\" loading=\"lazy\" width=\"600\" height=\"398\" title=\"nido\" class=\"alignleft size-full wp-image-74455\" alt=\"\" src=\"https:\/\/www.leccecronaca.it\/wordpress\/wp-content\/uploads\/2016\/02\/nido.jpg\" srcset=\"https:\/\/www.leccecronaca.it\/wordpress\/wp-content\/uploads\/2016\/02\/nido.jpg 600w, https:\/\/www.leccecronaca.it\/wordpress\/wp-content\/uploads\/2016\/02\/nido-300x199.jpg 300w\" sizes=\"(max-width: 600px) 100vw, 600px\" \/><\/a>(g.m.)______Incredibile. Esce da scuola e se ne va in giro a fare shopping. E&#8217; accaduto oggi al rione Santa Chiara di Brindisi.\u00a0Ma oltre tutto incredibile perch\u00e9\u00a0lo scolaretto ribelle\u00a0ha\u00a0un anno e mezzo\u00a0e si trovava in un asilo nido comunale, a Brindisi: \u00e8 uscito da solo dalla porta di ingresso della struttura e si \u00e8 allontanato fino a raggiungere un negozio vicino dove \u00e8 stato ritrovato poi da una commessa e riportato in classe. La\u00a0ragazza lo ha visto passare senza giubbotto e ha pensato che fosse troppo piccolo per poter andare in giro da solo.<\/p>\n<p>Sull&#8217;episodio e sull&#8217;eventualit\u00e0 che la &#8220;fuga&#8221; sia il frutto di una mancanza di sorveglianza da parte dei responsabili del nido, indaga la polizia. Anche i genitori hanno presentato denuncia.<\/p>\n<p>&nbsp;<\/p>\n<p>&nbsp;<\/p>\n<fb:like href='https:\/\/www.leccecronaca.it\/index.php\/2016\/02\/11\/se-ne-va-da-scuola-a-fare-shopping-a-un-anno-e-mezzo\/' send='true' layout='button_count' show_faces='true' width='450' height='65' action='recommend' colorscheme='light' font='lucida grande'><\/fb:like><span class=\"fb_share\"><fb:like href=\"https:\/\/www.leccecronaca.it\/index.php\/2016\/02\/11\/se-ne-va-da-scuola-a-fare-shopping-a-un-anno-e-mezzo\/\" layout=\"button_count\"><\/fb:like><\/span>","protected":false},"excerpt":{"rendered":"<p>(g.m.)______Incredibile. Esce da scuola e se ne va in giro a fare shopping. E&#8217; accaduto oggi al rione Santa Chiara di Brindisi.\u00a0Ma oltre tutto incredibile perch\u00e9\u00a0lo scolaretto ribelle\u00a0ha\u00a0un anno e mezzo\u00a0e si trovava in un asilo nido comunale, a Brindisi: \u00e8 uscito da solo dalla porta di ingresso della struttura e si \u00e8 allontanato fino [&hellip;]<\/p>\n","protected":false},"author":4,"featured_media":74455,"comment_status":"open","ping_status":"closed","sticky":false,"template":"","format":"standard","meta":[],"categories":[69],"tags":[],"_links":{"self":[{"href":"https:\/\/www.leccecronaca.it\/index.php\/wp-json\/wp\/v2\/posts\/74454"}],"collection":[{"href":"https:\/\/www.leccecronaca.it\/index.php\/wp-json\/wp\/v2\/posts"}],"about":[{"href":"https:\/\/www.leccecronaca.it\/index.php\/wp-json\/wp\/v2\/types\/post"}],"author":[{"embeddable":true,"href":"https:\/\/www.leccecronaca.it\/index.php\/wp-json\/wp\/v2\/users\/4"}],"replies":[{"embeddable":true,"href":"https:\/\/www.leccecronaca.it\/index.php\/wp-json\/wp\/v2\/comments?post=74454"}],"version-history":[{"count":4,"href":"https:\/\/www.leccecronaca.it\/index.php\/wp-json\/wp\/v2\/posts\/74454\/revisions"}],"predecessor-version":[{"id":74458,"href":"https:\/\/www.leccecronaca.it\/index.php\/wp-json\/wp\/v2\/posts\/74454\/revisions\/74458"}],"wp:featuredmedia":[{"embeddable":true,"href":"https:\/\/www.leccecronaca.it\/index.php\/wp-json\/wp\/v2\/media\/74455"}],"wp:attachment":[{"href":"https:\/\/www.leccecronaca.it\/index.php\/wp-json\/wp\/v2\/media?parent=74454"}],"wp:term":[{"taxonomy":"category","embeddable":true,"href":"https:\/\/www.leccecronaca.it\/index.php\/wp-json\/wp\/v2\/categories?post=74454"},{"taxonomy":"post_tag","embeddable":true,"href":"https:\/\/www.leccecronaca.it\/index.php\/wp-json\/wp\/v2\/tags?post=74454"}],"curies":[{"name":"wp","href":"https:\/\/api.w.org\/{rel}","templated":true}]}}