{"id":74553,"date":"2016-02-12T08:01:36","date_gmt":"2016-02-12T07:01:36","guid":{"rendered":"http:\/\/www.leccecronaca.it\/?p=74553"},"modified":"2016-02-12T15:56:26","modified_gmt":"2016-02-12T14:56:26","slug":"foibe-domani-casa-pound-ricorda-il-massacro-degli-italiani-avvenuto-a-guerra-finita","status":"publish","type":"post","link":"https:\/\/www.leccecronaca.it\/index.php\/2016\/02\/12\/foibe-domani-casa-pound-ricorda-il-massacro-degli-italiani-avvenuto-a-guerra-finita\/","title":{"rendered":"CORTEO PER I MARTIRI DELLE FOIBE"},"content":{"rendered":"<p><a href=\"https:\/\/www.leccecronaca.it\/wordpress\/wp-content\/uploads\/2016\/02\/foibe2.jpg\"><img decoding=\"async\" loading=\"lazy\" width=\"300\" height=\"225\" title=\"foibe2\" class=\"alignleft size-medium wp-image-74604\" alt=\"\" src=\"https:\/\/www.leccecronaca.it\/wordpress\/wp-content\/uploads\/2016\/02\/foibe2-300x225.jpg\" srcset=\"https:\/\/www.leccecronaca.it\/wordpress\/wp-content\/uploads\/2016\/02\/foibe2-300x225.jpg 300w, https:\/\/www.leccecronaca.it\/wordpress\/wp-content\/uploads\/2016\/02\/foibe2.jpg 400w\" sizes=\"(max-width: 300px) 100vw, 300px\" \/><\/a>Da &#8216;Casa Pound&#8217; riceviamo e volentieri pubblichiamo il seguente comunicato______<\/p>\n<p>Si rinnova l\u2019appuntamento annuale con il corteo organizzato da CasaPound Italia per commemorare i martiri delle Foibe. L\u2019appuntamento \u00e8 per\u00a0domani, alle ore 18, in via Pisanelli a Surbo. Il corteo si snoder\u00e0 per le vie del centro cittadino, per confluire in piazza Martiri delle Foibe.<br \/>\n&#8220;<em>Colpevoli di essere italiani. E per questo assassinati e poi dimenticati, ignorati, cancellati dalla storia: questi sono i martiri delle foibe<\/em>\u201d \u2013 sottolinea, in una nota, CasaPound. \u201c<em>L\u2019identit\u00e0 di un popolo, per\u00f2, e di una nazione nata in trincea non si cancella col sangue, n\u00e9 con le censure sui libri di storia. Per questo\u00a0domani, come ogni anno, saremo per strada a ricordare le oltre 20mila vittime di quel genocidio, e il sacrificio degli esuli istriani e giuliano-dalmati costretti a lasciare le loro case dalla violenza attuata dai partigiani di Tito&#8221;.<\/em><\/p>\n<fb:like href='https:\/\/www.leccecronaca.it\/index.php\/2016\/02\/12\/foibe-domani-casa-pound-ricorda-il-massacro-degli-italiani-avvenuto-a-guerra-finita\/' send='true' layout='button_count' show_faces='true' width='450' height='65' action='recommend' colorscheme='light' font='lucida grande'><\/fb:like><span class=\"fb_share\"><fb:like href=\"https:\/\/www.leccecronaca.it\/index.php\/2016\/02\/12\/foibe-domani-casa-pound-ricorda-il-massacro-degli-italiani-avvenuto-a-guerra-finita\/\" layout=\"button_count\"><\/fb:like><\/span>","protected":false},"excerpt":{"rendered":"<p>Da &#8216;Casa Pound&#8217; riceviamo e volentieri pubblichiamo il seguente comunicato______ Si rinnova l\u2019appuntamento annuale con il corteo organizzato da CasaPound Italia per commemorare i martiri delle Foibe. L\u2019appuntamento \u00e8 per\u00a0domani, alle ore 18, in via Pisanelli a Surbo. Il corteo si snoder\u00e0 per le vie del centro cittadino, per confluire in piazza Martiri delle Foibe. [&hellip;]<\/p>\n","protected":false},"author":4,"featured_media":74604,"comment_status":"open","ping_status":"closed","sticky":false,"template":"","format":"standard","meta":[],"categories":[36],"tags":[],"_links":{"self":[{"href":"https:\/\/www.leccecronaca.it\/index.php\/wp-json\/wp\/v2\/posts\/74553"}],"collection":[{"href":"https:\/\/www.leccecronaca.it\/index.php\/wp-json\/wp\/v2\/posts"}],"about":[{"href":"https:\/\/www.leccecronaca.it\/index.php\/wp-json\/wp\/v2\/types\/post"}],"author":[{"embeddable":true,"href":"https:\/\/www.leccecronaca.it\/index.php\/wp-json\/wp\/v2\/users\/4"}],"replies":[{"embeddable":true,"href":"https:\/\/www.leccecronaca.it\/index.php\/wp-json\/wp\/v2\/comments?post=74553"}],"version-history":[{"count":3,"href":"https:\/\/www.leccecronaca.it\/index.php\/wp-json\/wp\/v2\/posts\/74553\/revisions"}],"predecessor-version":[{"id":74603,"href":"https:\/\/www.leccecronaca.it\/index.php\/wp-json\/wp\/v2\/posts\/74553\/revisions\/74603"}],"wp:featuredmedia":[{"embeddable":true,"href":"https:\/\/www.leccecronaca.it\/index.php\/wp-json\/wp\/v2\/media\/74604"}],"wp:attachment":[{"href":"https:\/\/www.leccecronaca.it\/index.php\/wp-json\/wp\/v2\/media?parent=74553"}],"wp:term":[{"taxonomy":"category","embeddable":true,"href":"https:\/\/www.leccecronaca.it\/index.php\/wp-json\/wp\/v2\/categories?post=74553"},{"taxonomy":"post_tag","embeddable":true,"href":"https:\/\/www.leccecronaca.it\/index.php\/wp-json\/wp\/v2\/tags?post=74553"}],"curies":[{"name":"wp","href":"https:\/\/api.w.org\/{rel}","templated":true}]}}