{"id":75204,"date":"2016-02-17T17:37:09","date_gmt":"2016-02-17T16:37:09","guid":{"rendered":"http:\/\/www.leccecronaca.it\/?p=75204"},"modified":"2016-02-17T17:37:41","modified_gmt":"2016-02-17T16:37:41","slug":"la-giunta-regionale-si-cautela-a-spese-delle-famiglie-che-hanno-persone-diversamente-abili","status":"publish","type":"post","link":"https:\/\/www.leccecronaca.it\/index.php\/2016\/02\/17\/la-giunta-regionale-si-cautela-a-spese-delle-famiglie-che-hanno-persone-diversamente-abili\/","title":{"rendered":"LA GIUNTA REGIONALE SI CAUTELA, A SPESE DELLE FAMIGLIE CHE HANNO PERSONE DIVERSAMENTE ABILI"},"content":{"rendered":"<p><a href=\"https:\/\/www.leccecronaca.it\/wordpress\/wp-content\/uploads\/2016\/02\/soldi-taglio-euro-trasferimenti-stato-439800_610x431.jpg\"><img decoding=\"async\" loading=\"lazy\" width=\"610\" height=\"431\" title=\"soldi-taglio-euro-trasferimenti-stato-439800_610x431\" class=\"alignleft size-full wp-image-75210\" alt=\"\" src=\"https:\/\/www.leccecronaca.it\/wordpress\/wp-content\/uploads\/2016\/02\/soldi-taglio-euro-trasferimenti-stato-439800_610x431.jpg\" srcset=\"https:\/\/www.leccecronaca.it\/wordpress\/wp-content\/uploads\/2016\/02\/soldi-taglio-euro-trasferimenti-stato-439800_610x431.jpg 610w, https:\/\/www.leccecronaca.it\/wordpress\/wp-content\/uploads\/2016\/02\/soldi-taglio-euro-trasferimenti-stato-439800_610x431-300x211.jpg 300w\" sizes=\"(max-width: 610px) 100vw, 610px\" \/><\/a>Il segretario nazionale del &#8216;sindacato famiglie con diversa abilit\u00e0&#8217; Dino Di Tullio ha diffuso in mattinata una notizia sconfortante. Ecco il testo del suo comunicato______<\/p>\n<p>L&#8217;intera Giunta Regionale pugliese capeggiata dal Presidente Emiliano sottrae\u00a0sei mensilit\u00e0 dell\u2019Assegno di Cura alle persone con gravissima disabilit\u00e0 per risanare &#8220;eventuali&#8221; contenziosi.<\/p>\n<p>Alcune famiglie hanno interessato questo Sindacato in merito alla sospensione dell\u2019Assegno di Cura, derivante dall\u2019applicazione della DGR.\u00a0n. 28 del 30.11.2015.<\/p>\n<p>In questo atto, poich\u00e9 sono sorti contenziosi in merito all\u2019applicazione dell\u2019Assegno di Cura, si \u00e8 preferito sospendere i benefici economici a far data dal 18\u00b0 mese (invece che continuare ad erogarli fino alla scadenza naturale del 24\u00b0 mese) per accantonare le somme necessarie a saldare i danni da eventuali Sentenze contrarie.<\/p>\n<p>In un Paese dove prima scappano i buoi e poi si chiudono le stalle, \u00e8 sicuramente degno di lode il voler preventivamente assicurarsi di poter onorare i debiti con la giustizia contabile.<\/p>\n<p>Peccato che per saldare gli ipotetici debiti (forse a maturazione tra una ventina di anni, vista la velocit\u00e0 delle pronunce giurisdizionali) si sia preferito tagliare senza se e senza ma, anzi in anticipo, quella che forse era l\u2019unica fonte di reddito idonea ad assicurare un minimo di cura a pazienti affetti da SLA\\SMA e per pazienti non autosufficienti gravissimi.<\/p>\n<p>Ma si sa, le persone con disabilit\u00e0 non hanno voce, non votano, mentre gli avvocati fanno paura.<\/p>\n<p>Forse vale pi\u00f9 la parcella di un avvocato che la dignit\u00e0 o la vita di una persona malata?______<\/p>\n<p>Sulla vicenda \u00e8 appena arrivata in redazione una presa di posizione del gruppo del M5S al consiglio regionale della Puglia. Eccola______<\/p>\n<p><span style=\"font-family: Arial;\"><em>A seguito al comunicato stampa del Sindacato S.F.I.D.A. secondo il quale la Regione avrebbe \u201csottratto 6 mensilit\u00e0 dell\u2019Assegno di Cura alle persone con gravissima disabilit\u00e0, in applicazione della DGR. 2128 del 30.11.15 per risanare \u201ceventuali\u201d contenziosi\u201d, si esprimono in merito gli otto consiglieri regionali del Movimento 5 Stelle: \u201cChiediamo al presidente Emiliano di fare immediata chiarezza sulla questione e nel caso che la giunta torni sui propri passi. Non si pu\u00f2 accettare che chi deve gi\u00e0 vivere quotidianamente in una condizione di difficolt\u00e0 debba ulteriormente essere penalizzato dalle istituzioni anzich\u00e9 essere aiutato. Questa vicenda tra l\u2019altro &#8211; continua Barone &#8211; viene anche prima della nostra proposta presentata in Consiglio regionale e bocciata da questa maggioranza, di concedere un sostegno reale e concreto per le famiglie che hanno disabili in casa. Dopo il bilancio di mance e marchette approvato dalla maggioranza PD qualche settimana fa &#8211; conclude &#8211; speriamo che la Regione inizi finalmente a spendere soldi per aiutare chi ne ha davvero bisogno.\u201d<\/em><\/span><\/p>\n<p>&nbsp;<\/p>\n<p>&nbsp;<\/p>\n<fb:like href='https:\/\/www.leccecronaca.it\/index.php\/2016\/02\/17\/la-giunta-regionale-si-cautela-a-spese-delle-famiglie-che-hanno-persone-diversamente-abili\/' send='true' layout='button_count' show_faces='true' width='450' height='65' action='recommend' colorscheme='light' font='lucida grande'><\/fb:like><span class=\"fb_share\"><fb:like href=\"https:\/\/www.leccecronaca.it\/index.php\/2016\/02\/17\/la-giunta-regionale-si-cautela-a-spese-delle-famiglie-che-hanno-persone-diversamente-abili\/\" layout=\"button_count\"><\/fb:like><\/span>","protected":false},"excerpt":{"rendered":"<p>Il segretario nazionale del &#8216;sindacato famiglie con diversa abilit\u00e0&#8217; Dino Di Tullio ha diffuso in mattinata una notizia sconfortante. Ecco il testo del suo comunicato______ L&#8217;intera Giunta Regionale pugliese capeggiata dal Presidente Emiliano sottrae\u00a0sei mensilit\u00e0 dell\u2019Assegno di Cura alle persone con gravissima disabilit\u00e0 per risanare &#8220;eventuali&#8221; contenziosi. Alcune famiglie hanno interessato questo Sindacato in merito [&hellip;]<\/p>\n","protected":false},"author":4,"featured_media":75210,"comment_status":"open","ping_status":"closed","sticky":false,"template":"","format":"standard","meta":[],"categories":[69],"tags":[],"_links":{"self":[{"href":"https:\/\/www.leccecronaca.it\/index.php\/wp-json\/wp\/v2\/posts\/75204"}],"collection":[{"href":"https:\/\/www.leccecronaca.it\/index.php\/wp-json\/wp\/v2\/posts"}],"about":[{"href":"https:\/\/www.leccecronaca.it\/index.php\/wp-json\/wp\/v2\/types\/post"}],"author":[{"embeddable":true,"href":"https:\/\/www.leccecronaca.it\/index.php\/wp-json\/wp\/v2\/users\/4"}],"replies":[{"embeddable":true,"href":"https:\/\/www.leccecronaca.it\/index.php\/wp-json\/wp\/v2\/comments?post=75204"}],"version-history":[{"count":3,"href":"https:\/\/www.leccecronaca.it\/index.php\/wp-json\/wp\/v2\/posts\/75204\/revisions"}],"predecessor-version":[{"id":75213,"href":"https:\/\/www.leccecronaca.it\/index.php\/wp-json\/wp\/v2\/posts\/75204\/revisions\/75213"}],"wp:featuredmedia":[{"embeddable":true,"href":"https:\/\/www.leccecronaca.it\/index.php\/wp-json\/wp\/v2\/media\/75210"}],"wp:attachment":[{"href":"https:\/\/www.leccecronaca.it\/index.php\/wp-json\/wp\/v2\/media?parent=75204"}],"wp:term":[{"taxonomy":"category","embeddable":true,"href":"https:\/\/www.leccecronaca.it\/index.php\/wp-json\/wp\/v2\/categories?post=75204"},{"taxonomy":"post_tag","embeddable":true,"href":"https:\/\/www.leccecronaca.it\/index.php\/wp-json\/wp\/v2\/tags?post=75204"}],"curies":[{"name":"wp","href":"https:\/\/api.w.org\/{rel}","templated":true}]}}