{"id":75205,"date":"2016-02-17T17:29:33","date_gmt":"2016-02-17T16:29:33","guid":{"rendered":"http:\/\/www.leccecronaca.it\/?p=75205"},"modified":"2016-02-18T14:49:33","modified_gmt":"2016-02-18T13:49:33","slug":"ufficiale-raffaele-alcibiade-e-un-difensore-del-lecce","status":"publish","type":"post","link":"https:\/\/www.leccecronaca.it\/index.php\/2016\/02\/17\/ufficiale-raffaele-alcibiade-e-un-difensore-del-lecce\/","title":{"rendered":"UFFICIALE: RAFFAELE ALCIBIADE \u00c8 UN DIFENSORE DEL LECCE"},"content":{"rendered":"<div id=\"attachment_75207\" style=\"width: 310px\" class=\"wp-caption alignleft\"><a href=\"https:\/\/www.leccecronaca.it\/wordpress\/wp-content\/uploads\/2016\/02\/3023.jpg\"><img aria-describedby=\"caption-attachment-75207\" decoding=\"async\" loading=\"lazy\" src=\"https:\/\/www.leccecronaca.it\/wordpress\/wp-content\/uploads\/2016\/02\/3023-300x227.jpg\" title=\"3023\" width=\"300\" height=\"227\" class=\"size-medium wp-image-75207\" srcset=\"https:\/\/www.leccecronaca.it\/wordpress\/wp-content\/uploads\/2016\/02\/3023-300x227.jpg 300w, https:\/\/www.leccecronaca.it\/wordpress\/wp-content\/uploads\/2016\/02\/3023.jpg 531w\" sizes=\"(max-width: 300px) 100vw, 300px\" \/><\/a><p id=\"caption-attachment-75207\" class=\"wp-caption-text\">foto da: www.tusinatinitaly.it<\/p><\/div>\n<p style=\"text-align: justify;\">di <strong>Laura Ricci_<\/strong>___<\/p>\n<p style=\"text-align: justify;\">Il Lecce ha un nuovo rinforzo nella rosa: svincolato e libero da ogni vincolo burocratico, il difensore centrale <strong>Raffaele Alcibiade<\/strong> si \u00e8 allenato per diversi giorni alla corte di mister Braglia con il gruppo giallorosso.<\/p>\n<p style=\"text-align: justify;\">Il calciatore classe 1990 ha convinto l&#8217;allenatore e la societ\u00e0 a tesserarlo col club salentino per dare man forte al reparto arretrato che, come lo stesso Braglia ha ammesso, &#8220;<em>ha gli uomini contati&#8221;.\u00a0<\/em><\/p>\n<p style=\"text-align: justify;\">Per la difesa a tre adottata dal tecnico ecco allora un altro centrale che va ad aggiungersi a Camisa, Cosenza, Freddi e Abruzzese.<\/p>\n<p style=\"text-align: justify;\">Dall&#8217;imponente statura e dall&#8217;alto del suo metro e ottantasei centimetri di altezza, Alcibiade vanta una solidit\u00e0 fisica notevole; cresciuto nelle giovanili della Juventus dove ha militato dal 2007 al 2010, \u00e8 stato ceduto in prestito prima al Pescara in Serie B e poi in diversi club quali Gubbio, Nocerina e Carrarese in cui poter fare esperienza e accrescere la propria personalit\u00e0.<\/p>\n<p style=\"text-align: justify;\">Nella stagione 2013-14 la Juve ha scelto di svincolarlo, lasciando la possibilit\u00e0 al Budapest Honv\u00e9d di ingaggiarlo a titolo gratuito; qui il difensore ha collezionato quarantacinque presenze, disputando anche l&#8217;Europa League.<\/p>\n<p style=\"text-align: justify;\">Nel 2015 \u00e8 stato ceduto in prestito al club Halad\u00e0s per poi trasferirsi, sempre nel campionato ungherese, al Tatab\u00e0nya.<\/p>\n<p style=\"text-align: justify;\">Adesso Alcibiade \u00e8 approdato a Lecce e sar\u00e0 una freccia in pi\u00f9 nell&#8217;arco di Braglia in vista del proseguo di un campionato ancora tutto da affrontare.<\/p>\n<fb:like href='https:\/\/www.leccecronaca.it\/index.php\/2016\/02\/17\/ufficiale-raffaele-alcibiade-e-un-difensore-del-lecce\/' send='true' layout='button_count' show_faces='true' width='450' height='65' action='recommend' colorscheme='light' font='lucida grande'><\/fb:like><span class=\"fb_share\"><fb:like href=\"https:\/\/www.leccecronaca.it\/index.php\/2016\/02\/17\/ufficiale-raffaele-alcibiade-e-un-difensore-del-lecce\/\" layout=\"button_count\"><\/fb:like><\/span>","protected":false},"excerpt":{"rendered":"<p>di Laura Ricci____ Il Lecce ha un nuovo rinforzo nella rosa: svincolato e libero da ogni vincolo burocratico, il difensore centrale Raffaele Alcibiade si \u00e8 allenato per diversi giorni alla corte di mister Braglia con il gruppo giallorosso. Il calciatore classe 1990 ha convinto l&#8217;allenatore e la societ\u00e0 a tesserarlo col club salentino per dare [&hellip;]<\/p>\n","protected":false},"author":4,"featured_media":0,"comment_status":"open","ping_status":"closed","sticky":false,"template":"","format":"standard","meta":[],"categories":[28],"tags":[],"_links":{"self":[{"href":"https:\/\/www.leccecronaca.it\/index.php\/wp-json\/wp\/v2\/posts\/75205"}],"collection":[{"href":"https:\/\/www.leccecronaca.it\/index.php\/wp-json\/wp\/v2\/posts"}],"about":[{"href":"https:\/\/www.leccecronaca.it\/index.php\/wp-json\/wp\/v2\/types\/post"}],"author":[{"embeddable":true,"href":"https:\/\/www.leccecronaca.it\/index.php\/wp-json\/wp\/v2\/users\/4"}],"replies":[{"embeddable":true,"href":"https:\/\/www.leccecronaca.it\/index.php\/wp-json\/wp\/v2\/comments?post=75205"}],"version-history":[{"count":4,"href":"https:\/\/www.leccecronaca.it\/index.php\/wp-json\/wp\/v2\/posts\/75205\/revisions"}],"predecessor-version":[{"id":75270,"href":"https:\/\/www.leccecronaca.it\/index.php\/wp-json\/wp\/v2\/posts\/75205\/revisions\/75270"}],"wp:attachment":[{"href":"https:\/\/www.leccecronaca.it\/index.php\/wp-json\/wp\/v2\/media?parent=75205"}],"wp:term":[{"taxonomy":"category","embeddable":true,"href":"https:\/\/www.leccecronaca.it\/index.php\/wp-json\/wp\/v2\/categories?post=75205"},{"taxonomy":"post_tag","embeddable":true,"href":"https:\/\/www.leccecronaca.it\/index.php\/wp-json\/wp\/v2\/tags?post=75205"}],"curies":[{"name":"wp","href":"https:\/\/api.w.org\/{rel}","templated":true}]}}