{"id":75228,"date":"2016-02-17T19:01:33","date_gmt":"2016-02-17T18:01:33","guid":{"rendered":"http:\/\/www.leccecronaca.it\/?p=75228"},"modified":"2016-02-17T19:23:13","modified_gmt":"2016-02-17T18:23:13","slug":"ad-essere-veramente-esauriti-sono-i-cittadini-sulla-presunta-emergenza-della-discarica-di-cavallino-e-sulle-ipotesi-di-ampliamento-a-lececronaca-it-parlano-i-rappresentanti-delle-associazioni-e-d","status":"publish","type":"post","link":"https:\/\/www.leccecronaca.it\/index.php\/2016\/02\/17\/ad-essere-veramente-esauriti-sono-i-cittadini-sulla-presunta-emergenza-della-discarica-di-cavallino-e-sulle-ipotesi-di-ampliamento-a-lececronaca-it-parlano-i-rappresentanti-delle-associazioni-e-d\/","title":{"rendered":"AD ESSERE VERAMENTE &#8216;ESAURITI&#8217; SONO I CITTADINI. SULLA PRESUNTA EMERGENZA DELLA DISCARICA DI CAVALLINO E SULLE IPOTESI DI AMPLIAMENTO, A leccecronaca.it PARLANO I RAPPRESENTANTI DELLE ASSOCIAZIONI E DELLE ISTITUZIONI DELLA ZONA"},"content":{"rendered":"<p><a href=\"https:\/\/www.leccecronaca.it\/wordpress\/wp-content\/uploads\/2016\/02\/11150481_825299047505458_2165334372634042592_n.jpg\"><img decoding=\"async\" loading=\"lazy\" width=\"800\" height=\"420\" title=\"11150481_825299047505458_2165334372634042592_n\" class=\"alignleft size-full wp-image-75232\" alt=\"\" src=\"https:\/\/www.leccecronaca.it\/wordpress\/wp-content\/uploads\/2016\/02\/11150481_825299047505458_2165334372634042592_n.jpg\" srcset=\"https:\/\/www.leccecronaca.it\/wordpress\/wp-content\/uploads\/2016\/02\/11150481_825299047505458_2165334372634042592_n.jpg 800w, https:\/\/www.leccecronaca.it\/wordpress\/wp-content\/uploads\/2016\/02\/11150481_825299047505458_2165334372634042592_n-300x157.jpg 300w\" sizes=\"(max-width: 800px) 100vw, 800px\" \/><\/a>di <strong>Emanuele Lezzi______<\/strong><\/p>\n<p>Ancora una proroga, dopo quella di luglio 2015 ed ancora un\u2019altra discarica che triplica la precedente. Nonostante vent\u2019anni di lamentele sono queste le soluzioni proposte e rinviate alla discussione del 22 febbraio a Bari in cui si dovr\u00e0 discutere dell\u2019emergenza \u201cdiscarica in esaurimento\u201d a Cavallino.<\/p>\n<p>Si arriva all\u2019emergenza pensando di avere la soluzione in tasca e non ci si rende conto che invece l\u2019essere arrivati a questo punto ancora in emergenza \u00e8 gi\u00e0 un\u2019ammissione di incapacit\u00e0, una mancanza totale di lungimiranza, incapacit\u00e0 a gestire per tempo situazioni assai prevedibili.<\/p>\n<p>E si perch\u00e9, oltre ad aver avuto\u00a0dieci anni di tempo, gi\u00e0 a luglio scorso si era di nuovo in emergenza nella discarica Le Mate e da Cavallino si approv\u00f2 un\u2019 ordinanza comunale con cui autorizzava la societ\u00e0 Ambiente e Sviluppo che gestisce l\u2019impianto, all\u2019innalzamento della discarica che ora \u00e8 di nuovo in esaurimento. Proprio come ormai sono in esaurimento i cittadini dei Comuni vicini e che abitano a poche centinaia di metri dalla stessa discarica.<\/p>\n<p>Ma la battaglia \u00e8 appena cominciata. A cominciare dalle Associazioni che da sempre si oppongono al progetto della nuova discarica che andr\u00e0 a triplicare la precedente per proseguire con gli i Comuni che questa volta pare siano contrari al nuovo impianto:<\/p>\n<p>\u201c<em>Questa ennesima emergenza sembra fatta arrivare apposta per ripetere gli errori del passato! &#8211;<\/em> tuonano dalle associazioni Sveglia Cittadina di San Cesario, La Scisciula e di San Donato dal Forum Ambiente e Salute che da sempre si occupano dei disagi dei loro concittadini e che tempo fa, insieme al Comitato contro la nuova discarica, avevano promosso e portato avanti addirittura una raccolta firme di migliaia di cittadini.<\/p>\n<p>\u201c<em>Ribadiamo il nostro assoluto NO<\/em> \u2013 ci dicono \u2013 <em>sia alla proposta di sopra elevazione e sia al progetto di nuovo impianto che triplicher\u00e0 la discarica attuale. E ora invece di dire basta e di cambiare definitivamente il modo di gestire l&#8217;intero Ciclo dei Rifiuti nel Salento. Lo dobbiamo fare al pi\u00f9 presto ed anzi, a proposito di emergenze, siamo gi\u00e0 in ritardo di almeno 10 anni.<\/em><\/p>\n<p><em>Va messa da subito in primo piano la salute dei cittadini e la loro tutela da interessi diversi.<\/em><\/p>\n<p><em>Chi ci ha portato fino a questo punto, con questa ennesima emergenza, non pu\u00f2 venire ancora a dirci quali sono le soluzioni, ha gi\u00e0 dimostrato la propria incapacit\u00e0 amministrativa senza invece saper essere lungimirante. Il Presidente Emiliano ha preso un importante impegno pubblico alcuni giorni fa proprio qui a Lecce, alla presenza di Rossano Ercolini dei Comuni Virtuosi e di tantissimi cittadini accorsi da tutta la Puglia. Dichiarandosi pronto ad intraprendere un percorso che porti alla Strategia Rifiuti Zero e tra l\u2019altro di volersi anche avvalere della collaborazione di tutti i cittadini e delle associazioni che da anni si occupano di questi temi. Bene, questo \u00e8 l&#8217;importante banco di prova che ora si presenta: si fermi subito questa nuova megadiscarica alle porte di Lecce e si adotti senza indugi Rifiuti Zero dimostrando con i fatti le sue buone intenzioni di cambio di rotta.\u201d<\/em><\/p>\n<p>Un cambio di rotta nella gestione dei rifiuti chiesto anche dal Sindaco di San Donato Ezio Conte e dall\u2019assessore all\u2019ambiente Samuela Foggetti che gi\u00e0 ad aprile 2015 hanno opposto ricorso al TAR contro il nuovo Progetto e che dovrebbe vedere a giorni la pubblicazione della sentenza. \u201c<em>Non vogliamo assolutamente un polo della spazzatura alle porte di San Donato e di certo questa Regione manca di una programmazione nella gestione dei rifiuti, perch\u00e9 non si pu\u00f2 dichiarare un emergenza a soli\u00a0dieci giorni dal limite di capienza<\/em>.\u201d<\/p>\n<p>Da San Cesario anche il Sindaco Andrea Romano si dice contrario all\u2019ampliamento della discarica e individua la priorit\u00e0 nel capire finalmente che aria stiamo respirando e se la discarica attuale stia causando dei danni alla nostra salute ed al nostro territorio. \u201c<em>Ecco perch\u00e9<\/em> \u2013 ci dice \u2013 <em>continuo a chiedere che vengano effettuati controlli su acqua, atmosfera e suolo e stiamo verificando la possibilit\u00e0 di implementare i nostri nasi elettronici installati con il progetto SED e finanziati con i Living Labs regionali<\/em>.&#8221;<\/p>\n<p>&nbsp;<\/p>\n<p>&nbsp;<\/p>\n<fb:like href='https:\/\/www.leccecronaca.it\/index.php\/2016\/02\/17\/ad-essere-veramente-esauriti-sono-i-cittadini-sulla-presunta-emergenza-della-discarica-di-cavallino-e-sulle-ipotesi-di-ampliamento-a-lececronaca-it-parlano-i-rappresentanti-delle-associazioni-e-d\/' send='true' layout='button_count' show_faces='true' width='450' height='65' action='recommend' colorscheme='light' font='lucida grande'><\/fb:like><span class=\"fb_share\"><fb:like href=\"https:\/\/www.leccecronaca.it\/index.php\/2016\/02\/17\/ad-essere-veramente-esauriti-sono-i-cittadini-sulla-presunta-emergenza-della-discarica-di-cavallino-e-sulle-ipotesi-di-ampliamento-a-lececronaca-it-parlano-i-rappresentanti-delle-associazioni-e-d\/\" layout=\"button_count\"><\/fb:like><\/span>","protected":false},"excerpt":{"rendered":"<p>di Emanuele Lezzi______ Ancora una proroga, dopo quella di luglio 2015 ed ancora un\u2019altra discarica che triplica la precedente. Nonostante vent\u2019anni di lamentele sono queste le soluzioni proposte e rinviate alla discussione del 22 febbraio a Bari in cui si dovr\u00e0 discutere dell\u2019emergenza \u201cdiscarica in esaurimento\u201d a Cavallino. Si arriva all\u2019emergenza pensando di avere la [&hellip;]<\/p>\n","protected":false},"author":4,"featured_media":75232,"comment_status":"open","ping_status":"closed","sticky":false,"template":"","format":"standard","meta":[],"categories":[69],"tags":[44],"_links":{"self":[{"href":"https:\/\/www.leccecronaca.it\/index.php\/wp-json\/wp\/v2\/posts\/75228"}],"collection":[{"href":"https:\/\/www.leccecronaca.it\/index.php\/wp-json\/wp\/v2\/posts"}],"about":[{"href":"https:\/\/www.leccecronaca.it\/index.php\/wp-json\/wp\/v2\/types\/post"}],"author":[{"embeddable":true,"href":"https:\/\/www.leccecronaca.it\/index.php\/wp-json\/wp\/v2\/users\/4"}],"replies":[{"embeddable":true,"href":"https:\/\/www.leccecronaca.it\/index.php\/wp-json\/wp\/v2\/comments?post=75228"}],"version-history":[{"count":3,"href":"https:\/\/www.leccecronaca.it\/index.php\/wp-json\/wp\/v2\/posts\/75228\/revisions"}],"predecessor-version":[{"id":75235,"href":"https:\/\/www.leccecronaca.it\/index.php\/wp-json\/wp\/v2\/posts\/75228\/revisions\/75235"}],"wp:featuredmedia":[{"embeddable":true,"href":"https:\/\/www.leccecronaca.it\/index.php\/wp-json\/wp\/v2\/media\/75232"}],"wp:attachment":[{"href":"https:\/\/www.leccecronaca.it\/index.php\/wp-json\/wp\/v2\/media?parent=75228"}],"wp:term":[{"taxonomy":"category","embeddable":true,"href":"https:\/\/www.leccecronaca.it\/index.php\/wp-json\/wp\/v2\/categories?post=75228"},{"taxonomy":"post_tag","embeddable":true,"href":"https:\/\/www.leccecronaca.it\/index.php\/wp-json\/wp\/v2\/tags?post=75228"}],"curies":[{"name":"wp","href":"https:\/\/api.w.org\/{rel}","templated":true}]}}