{"id":75238,"date":"2016-02-17T19:21:25","date_gmt":"2016-02-17T18:21:25","guid":{"rendered":"http:\/\/www.leccecronaca.it\/?p=75238"},"modified":"2016-02-17T19:22:04","modified_gmt":"2016-02-17T18:22:04","slug":"ricorso-della-regione-contro-la-costruzione-del-tratto-di-interconnessione-alla-rete-nazionale-del-gasdotto-che-dovrebb-approdare-a-san-foca","status":"publish","type":"post","link":"https:\/\/www.leccecronaca.it\/index.php\/2016\/02\/17\/ricorso-della-regione-contro-la-costruzione-del-tratto-di-interconnessione-alla-rete-nazionale-del-gasdotto-che-dovrebb-approdare-a-san-foca\/","title":{"rendered":"RICORSO DELLA REGIONE CONTRO LA COSTRUZIONE DEL TRATTO DI INTERCONNESSIONE ALLA RETE NAZIONALE DEL GASDOTTO CHE DOVREBBE APPRODARE A SAN FOCA"},"content":{"rendered":"<p><a href=\"https:\/\/www.leccecronaca.it\/wordpress\/wp-content\/uploads\/2016\/02\/untitled8.png\"><img decoding=\"async\" loading=\"lazy\" width=\"738\" height=\"298\" title=\"untitled\" class=\"alignleft size-full wp-image-75239\" alt=\"\" src=\"https:\/\/www.leccecronaca.it\/wordpress\/wp-content\/uploads\/2016\/02\/untitled8.png\" srcset=\"https:\/\/www.leccecronaca.it\/wordpress\/wp-content\/uploads\/2016\/02\/untitled8.png 738w, https:\/\/www.leccecronaca.it\/wordpress\/wp-content\/uploads\/2016\/02\/untitled8-300x121.png 300w\" sizes=\"(max-width: 738px) 100vw, 738px\" \/><\/a>(Rdl)______L&#8217; ufficio &#8211; stampa della Regione ha diffuso la seguente nota______<\/p>\n<p>Il presidente Michele Emiliano comunica che la Regione Puglia ha impugnato con ricorso straordinario al Presidente della Repubblica il decreto direttoriale del Ministero dello Sviluppo Economico del 20 ottobre 2015, con cui \u00e8 stato incluso nella Rete Nazionale dei Gasdotti il tratto &#8220;Interconnessione TAP&#8221; senza il necessario coinvolgimento della Regione.<\/p>\n<p>Il progetto di gasdotto in questione attraversa due province e diversi comuni per quasi 60 km, da Melendugno a Mesagne. Il ricorso \u00e8 stato notificato al MiSE ed alle societ\u00e0 controinteressate SNAM Rete Gas e Trans Adriatic Pipeline, nonch\u00e9 all&#8217;Autorit\u00e0 per l&#8217;Energia elettrica ed il Gas e al Comune di Melendugno. Il ricorso \u00e8 stato ritualmente depositato presso il Mise per l&#8217;istruttoria di legge.<\/p>\n<p>&nbsp;<\/p>\n<fb:like href='https:\/\/www.leccecronaca.it\/index.php\/2016\/02\/17\/ricorso-della-regione-contro-la-costruzione-del-tratto-di-interconnessione-alla-rete-nazionale-del-gasdotto-che-dovrebb-approdare-a-san-foca\/' send='true' layout='button_count' show_faces='true' width='450' height='65' action='recommend' colorscheme='light' font='lucida grande'><\/fb:like><span class=\"fb_share\"><fb:like href=\"https:\/\/www.leccecronaca.it\/index.php\/2016\/02\/17\/ricorso-della-regione-contro-la-costruzione-del-tratto-di-interconnessione-alla-rete-nazionale-del-gasdotto-che-dovrebb-approdare-a-san-foca\/\" layout=\"button_count\"><\/fb:like><\/span>","protected":false},"excerpt":{"rendered":"<p>(Rdl)______L&#8217; ufficio &#8211; stampa della Regione ha diffuso la seguente nota______ Il presidente Michele Emiliano comunica che la Regione Puglia ha impugnato con ricorso straordinario al Presidente della Repubblica il decreto direttoriale del Ministero dello Sviluppo Economico del 20 ottobre 2015, con cui \u00e8 stato incluso nella Rete Nazionale dei Gasdotti il tratto &#8220;Interconnessione TAP&#8221; [&hellip;]<\/p>\n","protected":false},"author":4,"featured_media":75239,"comment_status":"open","ping_status":"closed","sticky":false,"template":"","format":"standard","meta":[],"categories":[69],"tags":[],"_links":{"self":[{"href":"https:\/\/www.leccecronaca.it\/index.php\/wp-json\/wp\/v2\/posts\/75238"}],"collection":[{"href":"https:\/\/www.leccecronaca.it\/index.php\/wp-json\/wp\/v2\/posts"}],"about":[{"href":"https:\/\/www.leccecronaca.it\/index.php\/wp-json\/wp\/v2\/types\/post"}],"author":[{"embeddable":true,"href":"https:\/\/www.leccecronaca.it\/index.php\/wp-json\/wp\/v2\/users\/4"}],"replies":[{"embeddable":true,"href":"https:\/\/www.leccecronaca.it\/index.php\/wp-json\/wp\/v2\/comments?post=75238"}],"version-history":[{"count":2,"href":"https:\/\/www.leccecronaca.it\/index.php\/wp-json\/wp\/v2\/posts\/75238\/revisions"}],"predecessor-version":[{"id":75241,"href":"https:\/\/www.leccecronaca.it\/index.php\/wp-json\/wp\/v2\/posts\/75238\/revisions\/75241"}],"wp:featuredmedia":[{"embeddable":true,"href":"https:\/\/www.leccecronaca.it\/index.php\/wp-json\/wp\/v2\/media\/75239"}],"wp:attachment":[{"href":"https:\/\/www.leccecronaca.it\/index.php\/wp-json\/wp\/v2\/media?parent=75238"}],"wp:term":[{"taxonomy":"category","embeddable":true,"href":"https:\/\/www.leccecronaca.it\/index.php\/wp-json\/wp\/v2\/categories?post=75238"},{"taxonomy":"post_tag","embeddable":true,"href":"https:\/\/www.leccecronaca.it\/index.php\/wp-json\/wp\/v2\/tags?post=75238"}],"curies":[{"name":"wp","href":"https:\/\/api.w.org\/{rel}","templated":true}]}}