{"id":75883,"date":"2016-02-23T15:03:10","date_gmt":"2016-02-23T14:03:10","guid":{"rendered":"http:\/\/www.leccecronaca.it\/?p=75883"},"modified":"2016-02-23T15:03:10","modified_gmt":"2016-02-23T14:03:10","slug":"novita-lecce-vota-su-facebook-la-tua-maglia-preferita-per-la-prossima-stagione","status":"publish","type":"post","link":"https:\/\/www.leccecronaca.it\/index.php\/2016\/02\/23\/novita-lecce-vota-su-facebook-la-tua-maglia-preferita-per-la-prossima-stagione\/","title":{"rendered":"NOVITA&#8217; LECCE: VOTA SU FACEBOOK LA TUA MAGLIA PREFERITA PER LA PROSSIMA STAGIONE"},"content":{"rendered":"<p style=\"text-align: justify;\"><a href=\"https:\/\/www.leccecronaca.it\/wordpress\/wp-content\/uploads\/2013\/02\/LECCE1.jpg\"><img decoding=\"async\" loading=\"lazy\" src=\"https:\/\/www.leccecronaca.it\/wordpress\/wp-content\/uploads\/2013\/02\/LECCE1-300x225.jpg\" alt=\"\" title=\"LECCE\" width=\"300\" height=\"225\" class=\"alignleft size-medium wp-image-10898\" srcset=\"https:\/\/www.leccecronaca.it\/wordpress\/wp-content\/uploads\/2013\/02\/LECCE1-300x225.jpg 300w, https:\/\/www.leccecronaca.it\/wordpress\/wp-content\/uploads\/2013\/02\/LECCE1.jpg 340w\" sizes=\"(max-width: 300px) 100vw, 300px\" \/><\/a>(l.r.)_____<\/p>\n<p style=\"text-align: justify;\">La nuova societ\u00e0 leccese \u00e8 sempre pi\u00f9 attiva e desiderosa di fare della squadra e dei sostenitori salentini un tutt&#8217;uno: per la prima volta, i tifosi giallorossi avranno la possibilit\u00e0 di scegliere la nuova maglia che i giocatori indosseranno nella prossima stagione sportiva.<\/p>\n<p style=\"text-align: justify;\">A partire da questo pomeriggio alle ore 19.00, e fino alle ore 12.00 di sabato, i tifosi potranno scegliere la nuova maglia per la stagione 2016\/17 sul profilo ufficiale Facebook della societ\u00e0:<\/p>\n<p style=\"text-align: justify;\"><a href=\"https:\/\/www.facebook.com\/U.S.LecceOfficial\/?fref=ts\">https:\/\/www.facebook.com\/U.S.LecceOfficial\/?fref=ts<\/a><\/p>\n<p style=\"text-align: justify;\">La maglia che ricever\u00e0 pi\u00f9 &#8220;Mi Piace&#8221; sar\u00e0 la divisa della prossima annata sportiva; l&#8217;occasione di partecipare attivamente alla vita sportiva dei propri idoli \u00e8 allora alla portata di tutti gli amanti del Lecce che potranno vedere indossata la maglia dei propri sogni.<\/p>\n<fb:like href='https:\/\/www.leccecronaca.it\/index.php\/2016\/02\/23\/novita-lecce-vota-su-facebook-la-tua-maglia-preferita-per-la-prossima-stagione\/' send='true' layout='button_count' show_faces='true' width='450' height='65' action='recommend' colorscheme='light' font='lucida grande'><\/fb:like><span class=\"fb_share\"><fb:like href=\"https:\/\/www.leccecronaca.it\/index.php\/2016\/02\/23\/novita-lecce-vota-su-facebook-la-tua-maglia-preferita-per-la-prossima-stagione\/\" layout=\"button_count\"><\/fb:like><\/span>","protected":false},"excerpt":{"rendered":"<p>(l.r.)_____ La nuova societ\u00e0 leccese \u00e8 sempre pi\u00f9 attiva e desiderosa di fare della squadra e dei sostenitori salentini un tutt&#8217;uno: per la prima volta, i tifosi giallorossi avranno la possibilit\u00e0 di scegliere la nuova maglia che i giocatori indosseranno nella prossima stagione sportiva. A partire da questo pomeriggio alle ore 19.00, e fino alle [&hellip;]<\/p>\n","protected":false},"author":4,"featured_media":0,"comment_status":"open","ping_status":"closed","sticky":false,"template":"","format":"standard","meta":[],"categories":[28],"tags":[],"_links":{"self":[{"href":"https:\/\/www.leccecronaca.it\/index.php\/wp-json\/wp\/v2\/posts\/75883"}],"collection":[{"href":"https:\/\/www.leccecronaca.it\/index.php\/wp-json\/wp\/v2\/posts"}],"about":[{"href":"https:\/\/www.leccecronaca.it\/index.php\/wp-json\/wp\/v2\/types\/post"}],"author":[{"embeddable":true,"href":"https:\/\/www.leccecronaca.it\/index.php\/wp-json\/wp\/v2\/users\/4"}],"replies":[{"embeddable":true,"href":"https:\/\/www.leccecronaca.it\/index.php\/wp-json\/wp\/v2\/comments?post=75883"}],"version-history":[{"count":4,"href":"https:\/\/www.leccecronaca.it\/index.php\/wp-json\/wp\/v2\/posts\/75883\/revisions"}],"predecessor-version":[{"id":75887,"href":"https:\/\/www.leccecronaca.it\/index.php\/wp-json\/wp\/v2\/posts\/75883\/revisions\/75887"}],"wp:attachment":[{"href":"https:\/\/www.leccecronaca.it\/index.php\/wp-json\/wp\/v2\/media?parent=75883"}],"wp:term":[{"taxonomy":"category","embeddable":true,"href":"https:\/\/www.leccecronaca.it\/index.php\/wp-json\/wp\/v2\/categories?post=75883"},{"taxonomy":"post_tag","embeddable":true,"href":"https:\/\/www.leccecronaca.it\/index.php\/wp-json\/wp\/v2\/tags?post=75883"}],"curies":[{"name":"wp","href":"https:\/\/api.w.org\/{rel}","templated":true}]}}