{"id":76049,"date":"2016-02-24T09:41:18","date_gmt":"2016-02-24T08:41:18","guid":{"rendered":"http:\/\/www.leccecronaca.it\/?p=76049"},"modified":"2016-02-24T18:25:11","modified_gmt":"2016-02-24T17:25:11","slug":"ztl-a-lecce-citta-modifiche-dal-1-marzo","status":"publish","type":"post","link":"https:\/\/www.leccecronaca.it\/index.php\/2016\/02\/24\/ztl-a-lecce-citta-modifiche-dal-1-marzo\/","title":{"rendered":"ZTL A LECCE CITTA&#8217;, MODIFICHE DAL 1\u00b0 MARZO"},"content":{"rendered":"<p><a href=\"https:\/\/www.leccecronaca.it\/wordpress\/wp-content\/uploads\/2016\/02\/news_img1_78020_ztl-palermo.jpg\"><img decoding=\"async\" loading=\"lazy\" width=\"300\" height=\"224\" title=\"news_img1_78020_ztl-palermo\" class=\"alignleft size-medium wp-image-76050\" alt=\"\" src=\"https:\/\/www.leccecronaca.it\/wordpress\/wp-content\/uploads\/2016\/02\/news_img1_78020_ztl-palermo-300x224.jpg\" srcset=\"https:\/\/www.leccecronaca.it\/wordpress\/wp-content\/uploads\/2016\/02\/news_img1_78020_ztl-palermo-300x224.jpg 300w, https:\/\/www.leccecronaca.it\/wordpress\/wp-content\/uploads\/2016\/02\/news_img1_78020_ztl-palermo.jpg 856w\" sizes=\"(max-width: 300px) 100vw, 300px\" \/><\/a>Riceviamo e volentieri pubblichiamo il seguente comunicato dell&#8217;assessore al Traffico e alla Mobilit\u00e0 del Comune di Lecce Luca Pasqualini______<\/p>\n<p>A partire dal 1\u00b0 marzo entrer\u00e0 in vigore il nuovo regolamento per l&#8217;accesso alla Ztl (Zona a traffico limitato) proposto dall&#8217;Assessorato e approvato lo scorso 26 gennaio dal Consiglio comunale.<\/p>\n<p>Con questo provvedimento intendiamo azzerare la situazione pregressa con l\u2019istituzione di un sistema innovativo rispetto al passato. Per tutti i permessi, infatti, sar\u00e0 previsto un limite temporale di validit\u00e0. Il nostro obiettivo \u00e8 quello riuscire ad armonizzare gli interessi e le esigenze delle varie categorie coinvolte.<\/p>\n<p>Un&#8217; altra novit\u00e0 introdotta con il nuovo regolamento Ztl \u00e8 costituita dal versamento di 10 euro per il rilascio del permesso. La domanda dovr\u00e0 essere effettuata utilizzando i moduli predisposti dall\u2019Ufficio Permessi e dovr\u00e0 essere corredata, oltre che dalla documentazione richiesta dalla nuova disciplina, anche dalla attestazione di versamento del relativo importo.<\/p>\n<p>La disciplina degli accessi nella zona a traffico limitato, sino ad oggi demandata esclusivamente ad ordinanze dirigenziali che si sono susseguite nel tempo, grazie al regolamento Ztl verr\u00e0 regolata in maniera organica da un unico provvedimento con carattere normativo.<\/p>\n<p>L\u2019adozione del nuovo strumento consentir\u00e0 di offrire ai cittadini una pi\u00f9 chiara e agevole conoscenza dei requisiti necessari e dell\u2019iter da seguire per ottenere le relative autorizzazioni. Grazie all&#8217;entrata in vigore del regolamento, per l\u2019Amministrazione sar\u00e0 pi\u00f9 facile procedere ai controlli ed alle verifiche per la prevenzione e la riduzione dei comportamenti illegali.<\/p>\n<p>Con l&#8217;ordinanza dirigenziale n. 234 del 18 febbraio 2016 vengono rese operative le prescrizioni contenute nel regolamento della Ztl a partire dal dal 1\u00b0 marzo con l\u2019abrogazione di tutte le disposizioni contenute nelle precedenti ordinanze dirigenziali che disciplinano la materia e che diventano incompatibili con il regolamento stesso.<\/p>\n<p>Dal 1\u00b0 marzo, inoltre, i permessi definitivi rilasciati in precedenza perderanno di efficacia: i possessori dei pass a partire da questa data dovranno restituirgli all\u2019Ufficio Permessi.<\/p>\n<p>I titolari di vecchi permessi definitivi, in possesso dei requisiti previsti dal regolamento Ztl, avranno sei mesi di tempo per ottenere il rilascio del nuovo contrassegno, non prima per\u00f2 di averne fatto richiesta all\u2019Ufficio Mobilit\u00e0.<\/p>\n<p>Al fine di non creare disagi e disservizi a causa del previsto notevole afflusso di utenti agli sportelli dell\u2019Ufficio Permessi in concomitanza con l\u2019entrata in vigore del regolamento, l&#8217;Assessorato al Traffico e alla Mobilit\u00e0 invita chi \u00e8 gi\u00e0 titolare di un permesso Ztl ed in possesso dei requisiti per ottenerne uno nuovo &#8211; in virt\u00f9 della proroga della validit\u00e0 del vecchio pass per sei mesi &#8211; a non richiedere subito il nuovo contrassegno per consentire agli Uffici di organizzare adeguatamente il servizio venendo incontro alle esigenze dei cittadini.<\/p>\n<p>\u2026&#8230;&#8230;&#8230;&#8230;&#8230;&#8230;&#8230;&#8230;&#8230;&#8230;&#8230;&#8230;&#8230;&#8230;&#8230;&#8230;&#8230;&#8230;&#8230;&#8230;&#8230;&#8230;&#8230;&#8230;&#8230;&#8230;&#8230;&#8230;&#8230;&#8230;&#8230;&#8230;&#8230;&#8230;&#8230;&#8230;&#8230;&#8230;<\/p>\n<p>I nuovi moduli per la richiesta dei permessi Ztl saranno reperibili dal 1\u00b0 marzo sul sito istituzionale del Comune di Lecce www.comune.lecce.it<\/p>\n<p>Lo sportello dell\u2019Ufficio Permessi \u00e8 aperto al pubblico al mattino nei giorni di luned\u00ec, mercoled\u00ec e venerd\u00ec dalle ore 9 alle ore 12 e nel pomeriggio di marted\u00ec dalle ore 16 alle ore 18.<\/p>\n<p>&nbsp;<\/p>\n<p>&nbsp;<\/p>\n<fb:like href='https:\/\/www.leccecronaca.it\/index.php\/2016\/02\/24\/ztl-a-lecce-citta-modifiche-dal-1-marzo\/' send='true' layout='button_count' show_faces='true' width='450' height='65' action='recommend' colorscheme='light' font='lucida grande'><\/fb:like><span class=\"fb_share\"><fb:like href=\"https:\/\/www.leccecronaca.it\/index.php\/2016\/02\/24\/ztl-a-lecce-citta-modifiche-dal-1-marzo\/\" layout=\"button_count\"><\/fb:like><\/span>","protected":false},"excerpt":{"rendered":"<p>Riceviamo e volentieri pubblichiamo il seguente comunicato dell&#8217;assessore al Traffico e alla Mobilit\u00e0 del Comune di Lecce Luca Pasqualini______ A partire dal 1\u00b0 marzo entrer\u00e0 in vigore il nuovo regolamento per l&#8217;accesso alla Ztl (Zona a traffico limitato) proposto dall&#8217;Assessorato e approvato lo scorso 26 gennaio dal Consiglio comunale. Con questo provvedimento intendiamo azzerare la [&hellip;]<\/p>\n","protected":false},"author":4,"featured_media":76050,"comment_status":"open","ping_status":"closed","sticky":false,"template":"","format":"standard","meta":[],"categories":[36],"tags":[],"_links":{"self":[{"href":"https:\/\/www.leccecronaca.it\/index.php\/wp-json\/wp\/v2\/posts\/76049"}],"collection":[{"href":"https:\/\/www.leccecronaca.it\/index.php\/wp-json\/wp\/v2\/posts"}],"about":[{"href":"https:\/\/www.leccecronaca.it\/index.php\/wp-json\/wp\/v2\/types\/post"}],"author":[{"embeddable":true,"href":"https:\/\/www.leccecronaca.it\/index.php\/wp-json\/wp\/v2\/users\/4"}],"replies":[{"embeddable":true,"href":"https:\/\/www.leccecronaca.it\/index.php\/wp-json\/wp\/v2\/comments?post=76049"}],"version-history":[{"count":3,"href":"https:\/\/www.leccecronaca.it\/index.php\/wp-json\/wp\/v2\/posts\/76049\/revisions"}],"predecessor-version":[{"id":76053,"href":"https:\/\/www.leccecronaca.it\/index.php\/wp-json\/wp\/v2\/posts\/76049\/revisions\/76053"}],"wp:featuredmedia":[{"embeddable":true,"href":"https:\/\/www.leccecronaca.it\/index.php\/wp-json\/wp\/v2\/media\/76050"}],"wp:attachment":[{"href":"https:\/\/www.leccecronaca.it\/index.php\/wp-json\/wp\/v2\/media?parent=76049"}],"wp:term":[{"taxonomy":"category","embeddable":true,"href":"https:\/\/www.leccecronaca.it\/index.php\/wp-json\/wp\/v2\/categories?post=76049"},{"taxonomy":"post_tag","embeddable":true,"href":"https:\/\/www.leccecronaca.it\/index.php\/wp-json\/wp\/v2\/tags?post=76049"}],"curies":[{"name":"wp","href":"https:\/\/api.w.org\/{rel}","templated":true}]}}