{"id":76105,"date":"2016-02-25T14:13:36","date_gmt":"2016-02-25T13:13:36","guid":{"rendered":"http:\/\/www.leccecronaca.it\/?p=76105"},"modified":"2016-02-25T15:52:51","modified_gmt":"2016-02-25T14:52:51","slug":"la-lilt-contro-la-tap-il-gasdotto-nuocerebbe-all-ambiente-e-alla-salute-e-il-dottor-serravezza-stamatina-e-andato-a-portare-le-carte-in-procura","status":"publish","type":"post","link":"https:\/\/www.leccecronaca.it\/index.php\/2016\/02\/25\/la-lilt-contro-la-tap-il-gasdotto-nuocerebbe-all-ambiente-e-alla-salute-e-il-dottor-serravezza-stamatina-e-andato-a-portare-le-carte-in-procura\/","title":{"rendered":"LA LILT CONTRO LA TAP: &#8220;Il gasdotto nuocerebbe all&#8217; ambiente e alla salute&#8221;. E IL DOTTOR SERRAVEZZA &#8216;STAMATTINA E&#8217; ANDATO A PORTARE LE CARTE IN PROCURA"},"content":{"rendered":"<p><a href=\"https:\/\/www.leccecronaca.it\/wordpress\/wp-content\/uploads\/2016\/02\/SERRAVEZZA-FIORELLA-MELCORE-.jpg\"><img decoding=\"async\" loading=\"lazy\" width=\"1024\" height=\"682\" title=\"SERRAVEZZA-FIORELLA-MELCORE-\" class=\"alignleft size-large wp-image-76106\" alt=\"\" src=\"https:\/\/www.leccecronaca.it\/wordpress\/wp-content\/uploads\/2016\/02\/SERRAVEZZA-FIORELLA-MELCORE--1024x682.jpg\" srcset=\"https:\/\/www.leccecronaca.it\/wordpress\/wp-content\/uploads\/2016\/02\/SERRAVEZZA-FIORELLA-MELCORE--1024x682.jpg 1024w, https:\/\/www.leccecronaca.it\/wordpress\/wp-content\/uploads\/2016\/02\/SERRAVEZZA-FIORELLA-MELCORE--300x200.jpg 300w, https:\/\/www.leccecronaca.it\/wordpress\/wp-content\/uploads\/2016\/02\/SERRAVEZZA-FIORELLA-MELCORE-.jpg 1200w\" sizes=\"(max-width: 1024px) 100vw, 1024px\" \/><\/a>(Rdl)______La professoressa Vestilia De Luca,\u00a0presidente della sezione leccese della Lega Italiana per la Lotta contro i Tumori, informa che il dottor Giuseppe Serravezza (nella foto, mentre interviene ad un&#8217; iniziativa ambientalista), responsabile scientifico dell&#8217; associazione, questa mattina\u00a0ha presentato un esposto alla Procura Generale della Repubblica di Lecce in merito al progetto TAP.<\/p>\n<p>La professoressa cos\u00ec spiega la per tanti versi clamorosa iniziativa.<\/p>\n<p>Come \u00e8 noto, la LILT di Lecce ha fatto della prevenzione primaria e della lotta ai fattori di rischio presenti sul territorio la cifra caratterizzante il proprio impegno sul fronte della lotta ai tumori. Ne fanno fede, tra l\u2019altro, i numerosi interventi pubblici; le pagine della rivista trimestrale, ampiamente dedicate a questi temi; cos\u00ec come la costante attenzione a monitorare i dati epidemiologici riguardanti la mortalit\u00e0 oncologica.<\/p>\n<p>Nel numero di giugno 2014 della rivista vennero pubblicati dei dati rielaborati sulla base delle fonti disponibili (ISTAT, Osservatorio Epidemiologico della Regione Puglia), che ponevano all\u2019attenzione delle Istituzioni e dell\u2019opinione pubblica quello che definimmo \u201cil triste primato della provincia di Lecce\u201d, la quale, negli ultimi 20 anni, ha visto annullarsi, per quel che riguarda la mortalit\u00e0 per tumore, quella differenza virtuosa a suo favore rispetto alle aree del Centro-Nord.<\/p>\n<p>Veniva in tal modo evidenziata la drammatica situazione sanitaria venutasi a determinare, con l\u2019aumento costante in progresso di tempo dei decessi di cancro, che, per alcuni tipi, come quello del polmone, ormai si collocano oltre il tasso medio nazionale. Per tutti i tipi di tumore, nella provincia di Lecce, si sono avuti, nel 2011, 2212 decessi, ben 252 in pi\u00f9 di quelli attesi.<\/p>\n<p>Di recente, questi dati sono stati autorevolmente confermati, in occasione della presentazione ufficiale (lo scorso 15 febbraio) del Report Ambiente e Salute in provincia di Lecce.<\/p>\n<p>In esso, erano riportati i dati del Registro Tumori della ASL di Lecce, relativamente al periodo 2003\/2008, che evidenziavano un&#8217;incidenza delle neoplasie polmonari negli uomini maggiore di quella riscontrata nelle zone urbanizzate del centro\/nord, con un tasso standardizzato pari a 87.6 per 100.000 (contro un dato medio di 72.9 per 100.000 nelle regioni del nord Italia e di 63.8 per 100.000 nelle regioni del sud). Il comprensorio territoriale interessato \u00e8 il distretto di Galatina seguito da Poggiardo, Casarano, Maglie.<\/p>\n<p>&nbsp;<\/p>\n<p>A ci\u00f2 si aggiunga uno studio dell&#8217;Istituto Superiore di Sanit\u00e0, relativo all&#8217;incidenza dei tumori polmonari, che ha evidenziato un cluster di 16 Comuni del centro Salento (nello specifico: Galatina, Galatone, Secl\u00ec, Neviano, Aradeo, Collepasso, Cutrofiano, Soleto, Sternatia, Zollino, Maglie, Melpignano, Castrignano dei Greci, Corigliano d&#8217;Otranto e Sogliano, quest&#8217;ultimo con il pi\u00f9 alto tasso di incidenza) in cui si registrava un&#8217;incidenza di 355 casi di tumore polmonare contro i 285 attesi.<\/p>\n<p>La stampa ha dato giustamente ampio risalto a questi dati allarmanti (Oltre 4000 casi l\u2019anno. Un cittadino su 4 a rischio di ammalarsi, recitava un titolo) e si \u00e8 sviluppato, come \u00e8 noto, un acceso dibattito. I riflettori sono stati puntati sulle possibili cause ambientali di questo deplorevole stato di fatto in tema di salute pubblica.<\/p>\n<p>E non a torto, poich\u00e9 \u00e8 scientificamente ormai acquisito che il 90% dei casi di cancro \u00e8 dovuto alla presenza nell\u2019ambiente, inteso in senso lato, di fattori di rischio oncologico. E, pertanto, se nel Salento il cancro avanza e miete sempre pi\u00f9 vittime, coinvolgendo anche fasce di et\u00e0 prima non toccate dalla malattia, ci\u00f2 \u00e8 un chiaro indizio di un ingravescente stato di sofferenza ambientale.<\/p>\n<p>Ci\u00f2 obbliga moralmente tutte le Istituzioni alla massima sorveglianza sulle scelte di sviluppo economico e sugli effetti impattanti di ulteriori insediamenti industriali, che finirebbero per aggravare una situazione ormai insostenibile.<\/p>\n<p>Si ricorda, in proposito, come, in occasione di numerose emergenze ambientali che hanno interessato il territorio della provincia di Lecce nel recente passato (Copersalento, centrali a biomasse, incenerimento CDR a Galatina), la stessa ARPA Puglia non ha esitato ad affermare che \u201c<em>lo stato di salute della popolazione e dell\u2019ambiente sono tanto compromessi da non potersi permettere ulteriori pressioni di carattere ambientale<\/em>\u201d.<\/p>\n<p>In questo quadro, si colloca l\u2019esposto presentato dalla LILT contro TAP.<strong> Si ritiene infatti che il progetto abbia importanti ricadute in senso negativo sull\u2019ambiente e quindi sulla salute della popolazione. Si considerino in particolare le emissioni onshore e offshore, cio\u00e8 le emissioni PRT ordinarie (Pressure Reduction Terminal), le emissioni di emergenza non routinarie (scarico di emergenza, rottura della condotta), i fumi esausti (delle macchine e delle navi), l&#8217;impianto non rimosso \u2013 i lunghi tunnel interrati \u2013 che rimarranno alla scadenza d&#8217;uso.<\/strong><\/p>\n<p>Alla luce dei dati sullo stato di salute delle popolazioni e dell&#8217;ambiente salentino e che tanto allarme e preoccupazione hanno destato nella collettivit\u00e0, la LILT di Lecce si \u00e8 quindi rivolta alla Procura Generale della Repubblica, affinch\u00e9 essa prenda in esame il progetto TAP per una approfondita analisi e conseguente valutazione, al fine, soprattutto, di scongiurare ulteriori aggravi a danno della salute pubblica, gi\u00e0 cos\u00ec pesantemente compromessa.<\/p>\n<p>L&#8217; APPROFONDIMENTO nel nostro articolo del 15 febbraio<\/p>\n<p><a href=\"https:\/\/www.leccecronaca.it\/index.php\/2016\/02\/15\/fondo\/\">https:\/\/www.leccecronaca.it\/index.php\/2016\/02\/15\/fondo\/<\/a><\/p>\n<p>&nbsp;<\/p>\n<p>&nbsp;<\/p>\n<p>&nbsp;<\/p>\n<p>&nbsp;<\/p>\n<fb:like href='https:\/\/www.leccecronaca.it\/index.php\/2016\/02\/25\/la-lilt-contro-la-tap-il-gasdotto-nuocerebbe-all-ambiente-e-alla-salute-e-il-dottor-serravezza-stamatina-e-andato-a-portare-le-carte-in-procura\/' send='true' layout='button_count' show_faces='true' width='450' height='65' action='recommend' colorscheme='light' font='lucida grande'><\/fb:like><span class=\"fb_share\"><fb:like href=\"https:\/\/www.leccecronaca.it\/index.php\/2016\/02\/25\/la-lilt-contro-la-tap-il-gasdotto-nuocerebbe-all-ambiente-e-alla-salute-e-il-dottor-serravezza-stamatina-e-andato-a-portare-le-carte-in-procura\/\" layout=\"button_count\"><\/fb:like><\/span>","protected":false},"excerpt":{"rendered":"<p>(Rdl)______La professoressa Vestilia De Luca,\u00a0presidente della sezione leccese della Lega Italiana per la Lotta contro i Tumori, informa che il dottor Giuseppe Serravezza (nella foto, mentre interviene ad un&#8217; iniziativa ambientalista), responsabile scientifico dell&#8217; associazione, questa mattina\u00a0ha presentato un esposto alla Procura Generale della Repubblica di Lecce in merito al progetto TAP. La professoressa cos\u00ec [&hellip;]<\/p>\n","protected":false},"author":4,"featured_media":76106,"comment_status":"open","ping_status":"closed","sticky":false,"template":"","format":"standard","meta":[],"categories":[69],"tags":[44],"_links":{"self":[{"href":"https:\/\/www.leccecronaca.it\/index.php\/wp-json\/wp\/v2\/posts\/76105"}],"collection":[{"href":"https:\/\/www.leccecronaca.it\/index.php\/wp-json\/wp\/v2\/posts"}],"about":[{"href":"https:\/\/www.leccecronaca.it\/index.php\/wp-json\/wp\/v2\/types\/post"}],"author":[{"embeddable":true,"href":"https:\/\/www.leccecronaca.it\/index.php\/wp-json\/wp\/v2\/users\/4"}],"replies":[{"embeddable":true,"href":"https:\/\/www.leccecronaca.it\/index.php\/wp-json\/wp\/v2\/comments?post=76105"}],"version-history":[{"count":4,"href":"https:\/\/www.leccecronaca.it\/index.php\/wp-json\/wp\/v2\/posts\/76105\/revisions"}],"predecessor-version":[{"id":76110,"href":"https:\/\/www.leccecronaca.it\/index.php\/wp-json\/wp\/v2\/posts\/76105\/revisions\/76110"}],"wp:featuredmedia":[{"embeddable":true,"href":"https:\/\/www.leccecronaca.it\/index.php\/wp-json\/wp\/v2\/media\/76106"}],"wp:attachment":[{"href":"https:\/\/www.leccecronaca.it\/index.php\/wp-json\/wp\/v2\/media?parent=76105"}],"wp:term":[{"taxonomy":"category","embeddable":true,"href":"https:\/\/www.leccecronaca.it\/index.php\/wp-json\/wp\/v2\/categories?post=76105"},{"taxonomy":"post_tag","embeddable":true,"href":"https:\/\/www.leccecronaca.it\/index.php\/wp-json\/wp\/v2\/tags?post=76105"}],"curies":[{"name":"wp","href":"https:\/\/api.w.org\/{rel}","templated":true}]}}