{"id":76195,"date":"2016-02-25T22:07:20","date_gmt":"2016-02-25T21:07:20","guid":{"rendered":"http:\/\/www.leccecronaca.it\/?p=76195"},"modified":"2016-02-25T22:07:20","modified_gmt":"2016-02-25T21:07:20","slug":"le-difficolta-della-polizia-per-i-tagli-del-governo","status":"publish","type":"post","link":"https:\/\/www.leccecronaca.it\/index.php\/2016\/02\/25\/le-difficolta-della-polizia-per-i-tagli-del-governo\/","title":{"rendered":"LE DIFFICOLTA&#8217; DELLA POLIZIA PER I TAGLI DEL GOVERNO"},"content":{"rendered":"<p><a href=\"https:\/\/www.leccecronaca.it\/wordpress\/wp-content\/uploads\/2016\/02\/image5.jpg\"><img decoding=\"async\" loading=\"lazy\" width=\"680\" height=\"380\" title=\"image\" class=\"alignleft size-full wp-image-76196\" alt=\"\" src=\"https:\/\/www.leccecronaca.it\/wordpress\/wp-content\/uploads\/2016\/02\/image5.jpg\" srcset=\"https:\/\/www.leccecronaca.it\/wordpress\/wp-content\/uploads\/2016\/02\/image5.jpg 680w, https:\/\/www.leccecronaca.it\/wordpress\/wp-content\/uploads\/2016\/02\/image5-300x167.jpg 300w\" sizes=\"(max-width: 680px) 100vw, 680px\" \/><\/a>di <strong>Emanuele Ricercato______<\/strong><\/p>\n<p>I recenti tagli del governo alle forze dell&#8217; ordine non hanno fatto altro che indebolire chi ci deve proteggere dai criminali. La polizia non ha pi\u00f9 i fondi per svolgere dignitosamente il proprio lavoro. Paradossalmente chi ha fatto i tagli pretende allo stesso tempo un Paese pi\u00f9 sicuro.<\/p>\n<p>E&#8217; come\u00a0partire per la guerra senza le armi, o difendersi dai criminali con le fionde al posto delle pistole.<\/p>\n<p>Anche nel capoluogo barocco la situazione non \u00e8 delle migliori: infatti il sindacato autonomo di polizia di Lecce ha deciso di scendere in piazza con dei volantini per comunicare il proprio sdegno per questa situazione.<\/p>\n<p>Ecco cosa si legge in una nota stampa a firma del Sap: <em>&#8220;Denunciamo con coraggio, che i locali della Questura di Lecce e di alcuni Commissariati della Provincia non sono idonei ad accogliere il personale; che ci sono giubbotti antiproiettile in uso gi\u00e0 scaduti, autovetture di servizio logore con pi\u00f9 di duecentomila chilometri, vestiario insufficiente e inappropriato; personale sempre pi\u00f9 vecchio con una media che rasenta i 50 anni, pulizie degli Uffici e delle caserme pressoch\u00e9 inesistenti grazie ai tagli di risorse, nonostante lo sforzo e la disponibilit\u00e0 dei vertici della Questura di Lecce, che senza fondi dal centro ben poco possono inventare&#8221;.<\/em><\/p>\n<p>Io penso che essere tutelati e difesi dalle forze dell&#8217; ordine sia un diritto sacrosanto di ogni cittadino. Tutti si devono sentire sicuri e tranquilli di poter girare dentro la propria citt\u00e0. Quindi, cari politicanti, pensate alle cose serie e date i mezzi idonei ai nostri tutori della legge.<\/p>\n<p>&nbsp;<\/p>\n<fb:like href='https:\/\/www.leccecronaca.it\/index.php\/2016\/02\/25\/le-difficolta-della-polizia-per-i-tagli-del-governo\/' send='true' layout='button_count' show_faces='true' width='450' height='65' action='recommend' colorscheme='light' font='lucida grande'><\/fb:like><span class=\"fb_share\"><fb:like href=\"https:\/\/www.leccecronaca.it\/index.php\/2016\/02\/25\/le-difficolta-della-polizia-per-i-tagli-del-governo\/\" layout=\"button_count\"><\/fb:like><\/span>","protected":false},"excerpt":{"rendered":"<p>di Emanuele Ricercato______ I recenti tagli del governo alle forze dell&#8217; ordine non hanno fatto altro che indebolire chi ci deve proteggere dai criminali. La polizia non ha pi\u00f9 i fondi per svolgere dignitosamente il proprio lavoro. Paradossalmente chi ha fatto i tagli pretende allo stesso tempo un Paese pi\u00f9 sicuro. E&#8217; come\u00a0partire per la [&hellip;]<\/p>\n","protected":false},"author":4,"featured_media":76196,"comment_status":"open","ping_status":"closed","sticky":false,"template":"","format":"standard","meta":[],"categories":[69],"tags":[],"_links":{"self":[{"href":"https:\/\/www.leccecronaca.it\/index.php\/wp-json\/wp\/v2\/posts\/76195"}],"collection":[{"href":"https:\/\/www.leccecronaca.it\/index.php\/wp-json\/wp\/v2\/posts"}],"about":[{"href":"https:\/\/www.leccecronaca.it\/index.php\/wp-json\/wp\/v2\/types\/post"}],"author":[{"embeddable":true,"href":"https:\/\/www.leccecronaca.it\/index.php\/wp-json\/wp\/v2\/users\/4"}],"replies":[{"embeddable":true,"href":"https:\/\/www.leccecronaca.it\/index.php\/wp-json\/wp\/v2\/comments?post=76195"}],"version-history":[{"count":2,"href":"https:\/\/www.leccecronaca.it\/index.php\/wp-json\/wp\/v2\/posts\/76195\/revisions"}],"predecessor-version":[{"id":76198,"href":"https:\/\/www.leccecronaca.it\/index.php\/wp-json\/wp\/v2\/posts\/76195\/revisions\/76198"}],"wp:featuredmedia":[{"embeddable":true,"href":"https:\/\/www.leccecronaca.it\/index.php\/wp-json\/wp\/v2\/media\/76196"}],"wp:attachment":[{"href":"https:\/\/www.leccecronaca.it\/index.php\/wp-json\/wp\/v2\/media?parent=76195"}],"wp:term":[{"taxonomy":"category","embeddable":true,"href":"https:\/\/www.leccecronaca.it\/index.php\/wp-json\/wp\/v2\/categories?post=76195"},{"taxonomy":"post_tag","embeddable":true,"href":"https:\/\/www.leccecronaca.it\/index.php\/wp-json\/wp\/v2\/tags?post=76195"}],"curies":[{"name":"wp","href":"https:\/\/api.w.org\/{rel}","templated":true}]}}