{"id":76811,"date":"2016-03-02T12:43:48","date_gmt":"2016-03-02T11:43:48","guid":{"rendered":"http:\/\/www.leccecronaca.it\/?p=76811"},"modified":"2016-03-02T12:54:41","modified_gmt":"2016-03-02T11:54:41","slug":"lecce-melfi-fan-o-super-fan-scegli-il-tuo-biglietto","status":"publish","type":"post","link":"https:\/\/www.leccecronaca.it\/index.php\/2016\/03\/02\/lecce-melfi-fan-o-super-fan-scegli-il-tuo-biglietto\/","title":{"rendered":"LECCE-MELFI \/ FAN O SUPER FAN? SCEGLI IL TUO BIGLIETTO"},"content":{"rendered":"<p style=\"text-align: justify;\"><a href=\"https:\/\/www.leccecronaca.it\/wordpress\/wp-content\/uploads\/2016\/03\/IMG_5114.jpg\"><img decoding=\"async\" loading=\"lazy\" width=\"300\" height=\"225\" title=\"IMG_5114\" class=\"alignleft size-medium wp-image-76813\" alt=\"\" src=\"https:\/\/www.leccecronaca.it\/wordpress\/wp-content\/uploads\/2016\/03\/IMG_5114-300x225.jpg\" srcset=\"https:\/\/www.leccecronaca.it\/wordpress\/wp-content\/uploads\/2016\/03\/IMG_5114-300x225.jpg 300w, https:\/\/www.leccecronaca.it\/wordpress\/wp-content\/uploads\/2016\/03\/IMG_5114-1024x768.jpg 1024w\" sizes=\"(max-width: 300px) 100vw, 300px\" \/><\/a>(l.r)___<\/p>\n<p style=\"text-align: justify;\">Ancora un&#8217;iniziativa da parte della societ\u00e0 del Lecce per riavvicinare sempre di pi\u00f9 i tifosi salentini alla squadra: in occasione della gara di domenica prossima Lecce &#8211; Melfi, i tifosi giallorossi avranno la possibilit\u00e0 di scegliere il prezzo del proprio biglietto. I prezzi dei tagliandi, gi\u00e0 ribassati in partenza, prevedono due diversi importi per ogni settore, sicch\u00e9 il tifoso potr\u00e0 liberamente decidere in che misura contribuire alla causa giallorossa.<\/p>\n<p style=\"text-align: justify;\">Si riportano di seguito le misure organizzative valevoli per la gara del campionato di Lega Pro 2015\/2016\u00a0<strong>Lecce_Melfi del 06\/03\/2016 ore 17:30.<\/strong><\/p>\n<p style=\"text-align: justify;\"><strong>Si invitano tutti i tifosi:<\/strong><\/p>\n<p style=\"text-align: justify;\">&#8211;\u00a0\u00a0\u00a0\u00a0\u00a0al rispetto della disciplina dei titoli di accesso e del Regolamento d\u2019Uso dello stadio \u201cE.Giardiniero\u201d &#8211; Via del Mare di Lecce;<\/p>\n<p style=\"text-align: justify;\">&#8211;\u00a0\u00a0\u00a0\u00a0\u00a0a premunirsi, in tempo utile, del biglietto d\u2019ingresso;<\/p>\n<p style=\"text-align: justify;\">&#8211;\u00a0\u00a0\u00a0\u00a0\u00a0di recarsi allo stadio con un certo anticipo per evitare lunghe code davanti ai varchi d\u2019accesso.<\/p>\n<p style=\"text-align: justify;\"><strong>Prezzi e modalit\u00e0 acquisto biglietti\u00a0Tifosi U.S.Lecce \u00a0 \u00a0 \u00a0 \u00a0 \u00a0 \u00a0 \u00a0 \u00a0 \u00a0 \u00a0 \u00a0 \u00a0 \u00a0 \u00a0\u00a0<\/strong><\/p>\n<p style=\"text-align: justify;\">La vendita sar\u00e0 attiva dalle ore 10:00 di mercoled\u00ec 02 marzo.<\/p>\n<p style=\"text-align: justify;\"><strong>QUESTI I PREZZI:<\/strong><\/p>\n<table width=\"606\" border=\"0\" cellspacing=\"0\" cellpadding=\"0\">\n<tbody>\n<tr>\n<td width=\"162\"><strong><em><span style=\"text-decoration: underline;\">Settore<\/span><\/em><\/strong><\/td>\n<td width=\"131\">\n<p align=\"center\"><strong><em><span style=\"text-decoration: underline;\">Super Fan<\/span><\/em><\/strong><\/p>\n<\/td>\n<td width=\"170\">\n<p align=\"center\"><strong><em><span style=\"text-decoration: underline;\">Fan<\/span><\/em><\/strong><\/p>\n<\/td>\n<td width=\"132\">\n<p align=\"center\"><strong><em><span style=\"text-decoration: underline;\">Rid Bambini<\/span><\/em><\/strong><\/p>\n<\/td>\n<td width=\"11\"><\/td>\n<\/tr>\n<tr>\n<td width=\"162\"><\/td>\n<td width=\"131\"><\/td>\n<td width=\"170\"><\/td>\n<td width=\"132\"><\/td>\n<td width=\"11\"><\/td>\n<\/tr>\n<tr>\n<td width=\"162\">Poltronissime<\/td>\n<td width=\"131\">\n<p align=\"center\">40,00<\/p>\n<\/td>\n<td width=\"170\">\n<p align=\"center\">30,00<\/p>\n<\/td>\n<td width=\"132\">\n<p align=\"center\">10,00<\/p>\n<\/td>\n<td width=\"11\"><\/td>\n<\/tr>\n<tr>\n<td width=\"162\">Tribuna Centrale Sup.<\/td>\n<td width=\"131\">\n<p align=\"center\">16,00<\/p>\n<\/td>\n<td width=\"170\">\n<p align=\"center\">10,00<\/p>\n<\/td>\n<td width=\"132\">\n<p align=\"center\">5,00<\/p>\n<\/td>\n<td width=\"11\"><\/td>\n<\/tr>\n<tr>\n<td width=\"162\">Tribuna Centrale Inf.<\/td>\n<td width=\"131\">\n<p align=\"center\">13,00<\/p>\n<\/td>\n<td width=\"170\">\n<p align=\"center\">8,00<\/p>\n<\/td>\n<td width=\"132\">\n<p align=\"center\">3,00<\/p>\n<\/td>\n<td width=\"11\"><\/td>\n<\/tr>\n<tr>\n<td width=\"162\">Tribuna Est<\/td>\n<td width=\"131\">\n<p align=\"center\">10,00<\/p>\n<\/td>\n<td width=\"170\">\n<p align=\"center\">6,00<\/p>\n<\/td>\n<td width=\"132\">\n<p align=\"center\">2,00<\/p>\n<\/td>\n<td width=\"11\"><\/td>\n<\/tr>\n<tr>\n<td width=\"162\">Curva Nord<\/td>\n<td width=\"131\">\n<p align=\"center\">\u00a0\u00a07,00<\/p>\n<\/td>\n<td width=\"170\">\n<p align=\"center\">4,00<\/p>\n<\/td>\n<td width=\"132\">\n<p align=\"center\">2,00<\/p>\n<\/td>\n<td width=\"11\"><\/td>\n<\/tr>\n<\/tbody>\n<\/table>\n<p style=\"text-align: justify;\"><strong>Ridotti Under 14<\/strong><strong>:\u00a0<\/strong>riservato a bambini\/ragazzi nati a partire dal 01\/01\/2001.<\/p>\n<fb:like href='https:\/\/www.leccecronaca.it\/index.php\/2016\/03\/02\/lecce-melfi-fan-o-super-fan-scegli-il-tuo-biglietto\/' send='true' layout='button_count' show_faces='true' width='450' height='65' action='recommend' colorscheme='light' font='lucida grande'><\/fb:like><span class=\"fb_share\"><fb:like href=\"https:\/\/www.leccecronaca.it\/index.php\/2016\/03\/02\/lecce-melfi-fan-o-super-fan-scegli-il-tuo-biglietto\/\" layout=\"button_count\"><\/fb:like><\/span>","protected":false},"excerpt":{"rendered":"<p>(l.r)___ Ancora un&#8217;iniziativa da parte della societ\u00e0 del Lecce per riavvicinare sempre di pi\u00f9 i tifosi salentini alla squadra: in occasione della gara di domenica prossima Lecce &#8211; Melfi, i tifosi giallorossi avranno la possibilit\u00e0 di scegliere il prezzo del proprio biglietto. I prezzi dei tagliandi, gi\u00e0 ribassati in partenza, prevedono due diversi importi per [&hellip;]<\/p>\n","protected":false},"author":4,"featured_media":0,"comment_status":"open","ping_status":"closed","sticky":false,"template":"","format":"standard","meta":[],"categories":[28],"tags":[],"_links":{"self":[{"href":"https:\/\/www.leccecronaca.it\/index.php\/wp-json\/wp\/v2\/posts\/76811"}],"collection":[{"href":"https:\/\/www.leccecronaca.it\/index.php\/wp-json\/wp\/v2\/posts"}],"about":[{"href":"https:\/\/www.leccecronaca.it\/index.php\/wp-json\/wp\/v2\/types\/post"}],"author":[{"embeddable":true,"href":"https:\/\/www.leccecronaca.it\/index.php\/wp-json\/wp\/v2\/users\/4"}],"replies":[{"embeddable":true,"href":"https:\/\/www.leccecronaca.it\/index.php\/wp-json\/wp\/v2\/comments?post=76811"}],"version-history":[{"count":5,"href":"https:\/\/www.leccecronaca.it\/index.php\/wp-json\/wp\/v2\/posts\/76811\/revisions"}],"predecessor-version":[{"id":76818,"href":"https:\/\/www.leccecronaca.it\/index.php\/wp-json\/wp\/v2\/posts\/76811\/revisions\/76818"}],"wp:attachment":[{"href":"https:\/\/www.leccecronaca.it\/index.php\/wp-json\/wp\/v2\/media?parent=76811"}],"wp:term":[{"taxonomy":"category","embeddable":true,"href":"https:\/\/www.leccecronaca.it\/index.php\/wp-json\/wp\/v2\/categories?post=76811"},{"taxonomy":"post_tag","embeddable":true,"href":"https:\/\/www.leccecronaca.it\/index.php\/wp-json\/wp\/v2\/tags?post=76811"}],"curies":[{"name":"wp","href":"https:\/\/api.w.org\/{rel}","templated":true}]}}