{"id":77371,"date":"2016-03-14T00:04:28","date_gmt":"2016-03-13T23:04:28","guid":{"rendered":"http:\/\/www.leccecronaca.it\/?p=77371"},"modified":"2016-03-07T11:53:35","modified_gmt":"2016-03-07T10:53:35","slug":"star-bene-con-gusto-i-consigli-di-arturo-51","status":"publish","type":"post","link":"https:\/\/www.leccecronaca.it\/index.php\/2016\/03\/14\/star-bene-con-gusto-i-consigli-di-arturo-51\/","title":{"rendered":"STAR BENE CON GUSTO \/ I CONSIGLI DI ARTURO"},"content":{"rendered":"<p><a href=\"https:\/\/www.leccecronaca.it\/wordpress\/wp-content\/uploads\/2016\/03\/12376792_10209158848917606_5194828391184387289_n.jpg\"><img decoding=\"async\" loading=\"lazy\" width=\"960\" height=\"576\" title=\"12376792_10209158848917606_5194828391184387289_n\" class=\"alignleft size-full wp-image-77372\" alt=\"\" src=\"https:\/\/www.leccecronaca.it\/wordpress\/wp-content\/uploads\/2016\/03\/12376792_10209158848917606_5194828391184387289_n.jpg\" srcset=\"https:\/\/www.leccecronaca.it\/wordpress\/wp-content\/uploads\/2016\/03\/12376792_10209158848917606_5194828391184387289_n.jpg 960w, https:\/\/www.leccecronaca.it\/wordpress\/wp-content\/uploads\/2016\/03\/12376792_10209158848917606_5194828391184387289_n-300x180.jpg 300w, https:\/\/www.leccecronaca.it\/wordpress\/wp-content\/uploads\/2016\/03\/12376792_10209158848917606_5194828391184387289_n-768x461.jpg 768w\" sizes=\"(max-width: 960px) 100vw, 960px\" \/><\/a>Fa un po&#8217; contrasto, alla nostra linea, linea editoriale, si intende, per\u00f2 noi facciamo un&#8217; eccezione e una tantum mangiamo il salame, anzi, la salame, come, chiss\u00e0 perch\u00e9, dicono a Lecce citt\u00e0.<\/p>\n<p>Mangiamo la salame e facciamo un&#8217; eccezione, copiando questo piatto nella foto di Elisabetta Polo di Nard\u00f2, alla quale \u00e8 stata fatta una sorpresa dal marito, con amore.<\/p>\n<p>Gi\u00e0, un piatto cos\u00ec, oltre agli ingredienti che volete, per la preparazione e la dedica, va fatto con amore per la persona del cuore.<\/p>\n<fb:like href='https:\/\/www.leccecronaca.it\/index.php\/2016\/03\/14\/star-bene-con-gusto-i-consigli-di-arturo-51\/' send='true' layout='button_count' show_faces='true' width='450' height='65' action='recommend' colorscheme='light' font='lucida grande'><\/fb:like><span class=\"fb_share\"><fb:like href=\"https:\/\/www.leccecronaca.it\/index.php\/2016\/03\/14\/star-bene-con-gusto-i-consigli-di-arturo-51\/\" layout=\"button_count\"><\/fb:like><\/span>","protected":false},"excerpt":{"rendered":"<p>Fa un po&#8217; contrasto, alla nostra linea, linea editoriale, si intende, per\u00f2 noi facciamo un&#8217; eccezione e una tantum mangiamo il salame, anzi, la salame, come, chiss\u00e0 perch\u00e9, dicono a Lecce citt\u00e0. Mangiamo la salame e facciamo un&#8217; eccezione, copiando questo piatto nella foto di Elisabetta Polo di Nard\u00f2, alla quale \u00e8 stata fatta una [&hellip;]<\/p>\n","protected":false},"author":4,"featured_media":77372,"comment_status":"open","ping_status":"closed","sticky":false,"template":"","format":"standard","meta":[],"categories":[1],"tags":[],"_links":{"self":[{"href":"https:\/\/www.leccecronaca.it\/index.php\/wp-json\/wp\/v2\/posts\/77371"}],"collection":[{"href":"https:\/\/www.leccecronaca.it\/index.php\/wp-json\/wp\/v2\/posts"}],"about":[{"href":"https:\/\/www.leccecronaca.it\/index.php\/wp-json\/wp\/v2\/types\/post"}],"author":[{"embeddable":true,"href":"https:\/\/www.leccecronaca.it\/index.php\/wp-json\/wp\/v2\/users\/4"}],"replies":[{"embeddable":true,"href":"https:\/\/www.leccecronaca.it\/index.php\/wp-json\/wp\/v2\/comments?post=77371"}],"version-history":[{"count":1,"href":"https:\/\/www.leccecronaca.it\/index.php\/wp-json\/wp\/v2\/posts\/77371\/revisions"}],"predecessor-version":[{"id":77373,"href":"https:\/\/www.leccecronaca.it\/index.php\/wp-json\/wp\/v2\/posts\/77371\/revisions\/77373"}],"wp:featuredmedia":[{"embeddable":true,"href":"https:\/\/www.leccecronaca.it\/index.php\/wp-json\/wp\/v2\/media\/77372"}],"wp:attachment":[{"href":"https:\/\/www.leccecronaca.it\/index.php\/wp-json\/wp\/v2\/media?parent=77371"}],"wp:term":[{"taxonomy":"category","embeddable":true,"href":"https:\/\/www.leccecronaca.it\/index.php\/wp-json\/wp\/v2\/categories?post=77371"},{"taxonomy":"post_tag","embeddable":true,"href":"https:\/\/www.leccecronaca.it\/index.php\/wp-json\/wp\/v2\/tags?post=77371"}],"curies":[{"name":"wp","href":"https:\/\/api.w.org\/{rel}","templated":true}]}}