{"id":77724,"date":"2016-03-11T00:05:08","date_gmt":"2016-03-10T23:05:08","guid":{"rendered":"http:\/\/www.leccecronaca.it\/?p=77724"},"modified":"2016-03-09T18:42:23","modified_gmt":"2016-03-09T17:42:23","slug":"dafinirei-nostri-amici-animali-le-storie-di-federica-3","status":"publish","type":"post","link":"https:\/\/www.leccecronaca.it\/index.php\/2016\/03\/11\/dafinirei-nostri-amici-animali-le-storie-di-federica-3\/","title":{"rendered":"I NOSTRI AMICI ANIMALI \/ LE STORIE DI FEDERICA"},"content":{"rendered":"<p><img decoding=\"async\" loading=\"lazy\" width=\"300\" height=\"258\" title=\"12804641_1002092749857493_5362228848209447543_n\" class=\"alignleft size-medium wp-image-77725\" alt=\"\" src=\"https:\/\/www.leccecronaca.it\/wordpress\/wp-content\/uploads\/2016\/03\/12804641_1002092749857493_5362228848209447543_n-300x258.jpg\" \/>Oggi la rubrica la fanno i ragazzi del meetup del M5S di Nard\u00f2, dai quali abbiamo ricevuto il seguente comunicato, relativo alla loro iniziativa per incentivare le adozioni______<\/p>\n<p>De Marco: \u201cA noi non interessano le polemiche, vogliamo solo risolvere i problemi, e questa iniziativa \u00e8 una buona soluzione\u201d.<\/p>\n<p>Molti comuni sono incapaci di gestire il randagismo e appaltano a privati la gestione del canile, pagando una cospicua diaria giornaliera per cane; un giro di denaro che alimenta tanti appetiti.<\/p>\n<p>Un canile privato pu\u00f2 arrivare ad aggiudicarsi appalti milionari. Persone senza scrupoli, attirate dalla possibilit\u00e0 di accumulare molto denaro con pochi rischi, hanno costruito sulla gestione dei canili un business. Spesso questi faccendieri vengono lasciati operare da istituzioni compiacenti, e hanno la possibilit\u00e0 di lucrare sulle sovvenzioni pubbliche raccogliendo centinaia di cani e relegandoli in strutture inadatte dove vivono in spazi angusti e sovraffollati, denutriti e in condizioni sanitarie inadeguate. I controlli sono carenti, i maltrattamenti all\u2019ordine del giorno e le malattie dilagano.<\/p>\n<p>\u201cQueste premesse costituiscono parte integrante e sostanziale di un atto di indirizzo che abbiamo protocollato, con una specifica deliberazione, per l\u2019adozione dell\u2019iniziativa \u201cadotta un amico a 4 zampe\u201d.\u201d sottolinea l\u2019Ingegnere Massimo De Marco<\/p>\n<p>\u201cL\u2019iniziativa prevede che i cittadini che decideranno di adottare un cane, custodito nel canile convenzionato con il Comune, riceveranno per i primi tre anni un contributo economico annuale oppure potranno beneficiare della riduzione o esenzione dei tributi mediante l\u2019applicazione del \u201cBaratto amministrativo\u201d.<\/p>\n<p>\u201cQuesta proposta,\u201d continua De Marco, \u201ctrover\u00e0 posto nel nostro programma amministrativo e rappresenta uno strumento per superare un problema che non si risolve parcheggiando e rinchiudendo gli animali in canili e gattili, spesso e volentieri sovraffollati e con condizioni igieniche e sanitarie appena sufficienti alla sopravvivenza. Quello che ci interessa,\u201d conclude il candidato sindaco, \u201c\u00e8 generare un cerchio virtuoso che distribuirebbe le risorse economiche comunali sul territorio neretino invece di essere disperse in strutture economicamente svantaggiose per la comunit\u00e0 e per gli animali stessi. Nard\u00f2 deve ripartire da piccoli grandi atti di civilt\u00e0 e di svolta prima di tutto culturale. Non possiamo pensare di affrontare il problema costruendo e avallando canili dispendiosi e inutili, come qualcuno con scarsa attenzione e conoscenza ha ventilato nell\u2019ultimo periodo. Le soluzioni ci sono, basta affrontare il problema con lucidit\u00e0 e senza quella voglia di apparire a tutti i costi che caratterizza la convulsiva vita politica cittadina. A noi non interessano le querelle e le spettacolarizzazioni, ma azioni concrete per risolvere i problemi.\u201d<\/p>\n<p>&nbsp;<\/p>\n<fb:like href='https:\/\/www.leccecronaca.it\/index.php\/2016\/03\/11\/dafinirei-nostri-amici-animali-le-storie-di-federica-3\/' send='true' layout='button_count' show_faces='true' width='450' height='65' action='recommend' colorscheme='light' font='lucida grande'><\/fb:like><span class=\"fb_share\"><fb:like href=\"https:\/\/www.leccecronaca.it\/index.php\/2016\/03\/11\/dafinirei-nostri-amici-animali-le-storie-di-federica-3\/\" layout=\"button_count\"><\/fb:like><\/span>","protected":false},"excerpt":{"rendered":"<p>Oggi la rubrica la fanno i ragazzi del meetup del M5S di Nard\u00f2, dai quali abbiamo ricevuto il seguente comunicato, relativo alla loro iniziativa per incentivare le adozioni______ De Marco: \u201cA noi non interessano le polemiche, vogliamo solo risolvere i problemi, e questa iniziativa \u00e8 una buona soluzione\u201d. Molti comuni sono incapaci di gestire il [&hellip;]<\/p>\n","protected":false},"author":4,"featured_media":77725,"comment_status":"open","ping_status":"closed","sticky":false,"template":"","format":"standard","meta":[],"categories":[1],"tags":[],"_links":{"self":[{"href":"https:\/\/www.leccecronaca.it\/index.php\/wp-json\/wp\/v2\/posts\/77724"}],"collection":[{"href":"https:\/\/www.leccecronaca.it\/index.php\/wp-json\/wp\/v2\/posts"}],"about":[{"href":"https:\/\/www.leccecronaca.it\/index.php\/wp-json\/wp\/v2\/types\/post"}],"author":[{"embeddable":true,"href":"https:\/\/www.leccecronaca.it\/index.php\/wp-json\/wp\/v2\/users\/4"}],"replies":[{"embeddable":true,"href":"https:\/\/www.leccecronaca.it\/index.php\/wp-json\/wp\/v2\/comments?post=77724"}],"version-history":[{"count":3,"href":"https:\/\/www.leccecronaca.it\/index.php\/wp-json\/wp\/v2\/posts\/77724\/revisions"}],"predecessor-version":[{"id":77727,"href":"https:\/\/www.leccecronaca.it\/index.php\/wp-json\/wp\/v2\/posts\/77724\/revisions\/77727"}],"wp:featuredmedia":[{"embeddable":true,"href":"https:\/\/www.leccecronaca.it\/index.php\/wp-json\/wp\/v2\/media\/77725"}],"wp:attachment":[{"href":"https:\/\/www.leccecronaca.it\/index.php\/wp-json\/wp\/v2\/media?parent=77724"}],"wp:term":[{"taxonomy":"category","embeddable":true,"href":"https:\/\/www.leccecronaca.it\/index.php\/wp-json\/wp\/v2\/categories?post=77724"},{"taxonomy":"post_tag","embeddable":true,"href":"https:\/\/www.leccecronaca.it\/index.php\/wp-json\/wp\/v2\/tags?post=77724"}],"curies":[{"name":"wp","href":"https:\/\/api.w.org\/{rel}","templated":true}]}}