{"id":78143,"date":"2016-03-14T00:06:41","date_gmt":"2016-03-13T23:06:41","guid":{"rendered":"http:\/\/www.leccecronaca.it\/?p=78143"},"modified":"2016-03-13T15:19:02","modified_gmt":"2016-03-13T14:19:02","slug":"diario-del-giorno-prima-il-tam-tam-di-annibale-11","status":"publish","type":"post","link":"https:\/\/www.leccecronaca.it\/index.php\/2016\/03\/14\/diario-del-giorno-prima-il-tam-tam-di-annibale-11\/","title":{"rendered":"DIARIO DEL GIORNO PRIMA \/ IL TAM TAM DI ANNIBALE"},"content":{"rendered":"<p>ITALIA______<\/p>\n<p><strong>Roma<\/strong> &#8211; Allarme terrorismo alla stazione Ottaviano della linea A nella metropolitana della capitale. La stazione \u00e8 stata completamente evacuata e le forze dell&#8217;ordine hanno transennato ogni entrata. Tanta paura e agitazione, ma era solo un falso allarme: la zona \u00e8 stata bloccata per pi\u00f9 di mezz&#8217;ora a causa di un sospetto &#8220;pacco bomba&#8221; trovato verso viale Giulio Cesare. Tutti i bus pubblici sono stati prontamente deviati e i cittadini allontanati con velocit\u00e0. Terminati gli accertamenti, tutto \u00e8 tornato alla frenetica normalit\u00e0 di Roma. E&#8217; ormai chiaro come la psicosi del terrorismo abbia colpito anche il nostro Paese.<\/p>\n<p>ITALIA______<\/p>\n<p><strong>Roma &#8211;\u00a0<\/strong><em>&#8220;Per me io ho segnato uno&#8230; per una operazione suicida&#8230; vuol dire prendo una macchina con l&#8217;esplosivo dentro per fare un&#8217;operazione contro i kuffar (gli infedeli dell&#8217;Isis)&#8230;&#8221;<\/em>. Ecco uno dei contributi testuali reso pubblico dai carabinieri del Ros, che coglie il tunisino Firas Bahroumi, \u00a0&#8220;foreing fighter&#8221; in Iraq dell&#8217;esercito di Daesh, mentre spiega le strategie terroristiche via chat a Carlito Brigande. I militari hanno eseguito due ordinanze di cattura per associazione a delinquere con finalit\u00e0 di terrorismo, delle quali una \u00e8 stata inoltrata in carcere al macedone Vulnet Maquelara, dal nickname bellico &#8220;Carlito Brigande&#8221;, e l&#8217;altra a Firas Barhoumi, il tunisino messaggero che tirava le fila dall&#8217;Iraq. I carabinieri hanno arrestato inoltre \u00a0un terzo straniero, un altro macedone chiamato Abudla Kurtishi, evaso da un carcere della Macedonia da diversi mesi e in contatto costante con il burattinaio Brigande.<\/p>\n<p><img decoding=\"async\" loading=\"lazy\" src=\"https:\/\/www.leccecronaca.it\/wordpress\/wp-content\/uploads\/2016\/03\/171151786-e2be19a0-e22c-4d68-ba2c-10b2438c3012.jpg\" alt=\"\" title=\"171151786-e2be19a0-e22c-4d68-ba2c-10b2438c3012\" width=\"300\" height=\"300\" class=\"alignleft size-full wp-image-78144\" srcset=\"https:\/\/www.leccecronaca.it\/wordpress\/wp-content\/uploads\/2016\/03\/171151786-e2be19a0-e22c-4d68-ba2c-10b2438c3012.jpg 300w, https:\/\/www.leccecronaca.it\/wordpress\/wp-content\/uploads\/2016\/03\/171151786-e2be19a0-e22c-4d68-ba2c-10b2438c3012-150x150.jpg 150w, https:\/\/www.leccecronaca.it\/wordpress\/wp-content\/uploads\/2016\/03\/171151786-e2be19a0-e22c-4d68-ba2c-10b2438c3012-60x60.jpg 60w\" sizes=\"(max-width: 300px) 100vw, 300px\" \/>MONDO______<\/p>\n<p><strong>Ecuador &#8211;\u00a0<\/strong><em>&#8220;Ieri mi hanno uccisa&#8230; ma peggio della morte \u00e8 stata l&#8217;umiliazione che \u00e8 venuta dopo. Come eri vestita? Perch\u00e9 viaggiavi da sola?&#8221;<\/em>. Una terrificante denuncia di una studentessa paraguaiana sul suo profilo Facebook. Ha raccontato in diretta social il crudo omicidio di due turiste argentine che viaggiavano con lei in Ecuador. Il suo post \u00e8 stato visionato e condiviso da oltre un milione di utenti in tutto l&#8217;emisfero e su Twitter \u00e8 nato l&#8217;hashtag contro la violenza &#8220;#Viajosola&#8221; (tradotto in italiano, &#8220;viaggio sola&#8221;). Le arene cibernetiche sono diventate sfondo anche delle peggiori tragedie umane, e &#8220;una catena&#8221; di rete internazionale se non pu\u00f2 servire a salvare delle vite, almeno pu\u00f2 smuovere le coscienze di molti.<\/p>\n<fb:like href='https:\/\/www.leccecronaca.it\/index.php\/2016\/03\/14\/diario-del-giorno-prima-il-tam-tam-di-annibale-11\/' send='true' layout='button_count' show_faces='true' width='450' height='65' action='recommend' colorscheme='light' font='lucida grande'><\/fb:like><span class=\"fb_share\"><fb:like href=\"https:\/\/www.leccecronaca.it\/index.php\/2016\/03\/14\/diario-del-giorno-prima-il-tam-tam-di-annibale-11\/\" layout=\"button_count\"><\/fb:like><\/span>","protected":false},"excerpt":{"rendered":"<p>ITALIA______ Roma &#8211; Allarme terrorismo alla stazione Ottaviano della linea A nella metropolitana della capitale. La stazione \u00e8 stata completamente evacuata e le forze dell&#8217;ordine hanno transennato ogni entrata. Tanta paura e agitazione, ma era solo un falso allarme: la zona \u00e8 stata bloccata per pi\u00f9 di mezz&#8217;ora a causa di un sospetto &#8220;pacco bomba&#8221; [&hellip;]<\/p>\n","protected":false},"author":4,"featured_media":78144,"comment_status":"open","ping_status":"closed","sticky":false,"template":"","format":"standard","meta":[],"categories":[1,69,76],"tags":[],"_links":{"self":[{"href":"https:\/\/www.leccecronaca.it\/index.php\/wp-json\/wp\/v2\/posts\/78143"}],"collection":[{"href":"https:\/\/www.leccecronaca.it\/index.php\/wp-json\/wp\/v2\/posts"}],"about":[{"href":"https:\/\/www.leccecronaca.it\/index.php\/wp-json\/wp\/v2\/types\/post"}],"author":[{"embeddable":true,"href":"https:\/\/www.leccecronaca.it\/index.php\/wp-json\/wp\/v2\/users\/4"}],"replies":[{"embeddable":true,"href":"https:\/\/www.leccecronaca.it\/index.php\/wp-json\/wp\/v2\/comments?post=78143"}],"version-history":[{"count":1,"href":"https:\/\/www.leccecronaca.it\/index.php\/wp-json\/wp\/v2\/posts\/78143\/revisions"}],"predecessor-version":[{"id":78145,"href":"https:\/\/www.leccecronaca.it\/index.php\/wp-json\/wp\/v2\/posts\/78143\/revisions\/78145"}],"wp:featuredmedia":[{"embeddable":true,"href":"https:\/\/www.leccecronaca.it\/index.php\/wp-json\/wp\/v2\/media\/78144"}],"wp:attachment":[{"href":"https:\/\/www.leccecronaca.it\/index.php\/wp-json\/wp\/v2\/media?parent=78143"}],"wp:term":[{"taxonomy":"category","embeddable":true,"href":"https:\/\/www.leccecronaca.it\/index.php\/wp-json\/wp\/v2\/categories?post=78143"},{"taxonomy":"post_tag","embeddable":true,"href":"https:\/\/www.leccecronaca.it\/index.php\/wp-json\/wp\/v2\/tags?post=78143"}],"curies":[{"name":"wp","href":"https:\/\/api.w.org\/{rel}","templated":true}]}}