{"id":78368,"date":"2016-03-16T00:07:29","date_gmt":"2016-03-15T23:07:29","guid":{"rendered":"http:\/\/www.leccecronaca.it\/?p=78368"},"modified":"2016-03-15T21:33:29","modified_gmt":"2016-03-15T20:33:29","slug":"diario-del-giorno-prima-il-tam-tam-di-annibale-13","status":"publish","type":"post","link":"https:\/\/www.leccecronaca.it\/index.php\/2016\/03\/16\/diario-del-giorno-prima-il-tam-tam-di-annibale-13\/","title":{"rendered":"DIARIO DEL GIORNO PRIMA \/ IL TAM TAM DI ANNIBALE"},"content":{"rendered":"<p>ITALIA ______<\/p>\n<p>BARI &#8211; Un&#8217;operazione anticrimine capillare che porta la firma del comando di Polizia di Stato del capoluogo pugliese \u00e8 andata in scena nella giornata di ieri. Ordinanza di custodia cautelare emessa nei confronti di ben ventitr\u00e9 persone facenti parte del clan storico del boss &#8220;Savinuccio&#8221; Parisi, anche lui tra i colpiti dal provvedimento. Azione comandata dal gip del Tribunale di Bari dopo una preparazione accurata del blitz. Gli arresti seguono\u00a0 l&#8217;indagine della Squadra mobile avviata diversi anni fa nel marzo 2011. Le prove scaturite nei confronti dell&#8217;organizzazione mafiosa sono emerse dopo un controllo profondo del territorio. Il boss Savinuccio Parisi \u00e8 stato arrestato la scorsa settimana con l&#8217;accusa di estorsione e controllo delle pi\u00f9 importanti attivit\u00e0 illecite sulla citt\u00e0 adriatica.<\/p>\n<p><span style=\"font-size: 13px; line-height: 19px;\">ITALIA ______<\/span><\/p>\n<p><span style=\"font-size: 13px; line-height: 19px;\">FIRENZE &#8211; Allarme formaggio avariato in tutta la Toscana. Un neonato di pochi mesi \u00e8 stato ricoverato con urgenza all&#8217;ospedale pediatrico Mayer di Firenze per tremendi dolori alla pancia. L&#8217;unit\u00e0 funzionale di sanit\u00e0 pubblica veterinaria e sicurezza alimentare dell&#8217;area toscana ha avviato un&#8217;indagine dirompente che ha portato a individuare la causa del malore. Si tratta di una possibile nuova epidemia collegata al consumo di formaggio morbido di origine rumena. Ecco quanto si evince dal report della USL Toscana Centro. Il bimbo &#8220;della discordia&#8221; \u00e8 affetto da un&#8217;insufficienza renale e anemia, che richiede una prognosi riservata. L&#8217;incubo di latticini contaminati sul Ponte vecchio \u00e8 pi\u00f9 che mai reale.<\/span><\/p>\n<p>&nbsp;<\/p>\n<p><span style=\"font-size: 13px; line-height: 19px;\"><img decoding=\"async\" loading=\"lazy\" src=\"https:\/\/www.leccecronaca.it\/wordpress\/wp-content\/uploads\/2016\/03\/118312-sd-300x199.jpg\" alt=\"\" title=\"Belgian soldiers patrol on Brussels Grand Place after security was tightened in Belgium following the fatal attacks in Paris\" width=\"300\" height=\"199\" class=\"alignleft size-medium wp-image-78369\" srcset=\"https:\/\/www.leccecronaca.it\/wordpress\/wp-content\/uploads\/2016\/03\/118312-sd-300x199.jpg 300w, https:\/\/www.leccecronaca.it\/wordpress\/wp-content\/uploads\/2016\/03\/118312-sd.jpg 640w\" sizes=\"(max-width: 300px) 100vw, 300px\" \/>MONDO______<\/span><\/p>\n<p><span style=\"font-size: 13px; line-height: 19px;\">BRUXELLES &#8211; Sale la preoccupazione e le misure di sicurezza in un quartiere della capitale belga. Ennesima sparatoria dell&#8217;anno avvenuta dopo una persecuzione di giovani mussulmani da parte della polizia statale. L&#8217;atto anti-terroristico \u00e8 strettamente legato ai fatti sanguinosi di Parigi del novembre scorso. Sarebbero quattro gli agenti feriti, tre fuori pericolo e uno in codice rosso. Un terrorista ha invece perso la vita dopo il secondo blitz delle forze speciali nel covo dei criminali situato in un appartamento insospettabile. Il terrorista colpito non \u00e8 per\u00f2 il super ricercato Salah Abdeslam, che \u00e8 ancora in fuga in un luogo indefinito dell&#8217;Europa. Potrebbe essere nascosto nelle metropoli occidentali o addirittura potrebbe essere scappato in Siria per combattere la guerra santa tanto agognata dal suo popolo.<\/span><\/p>\n<p>&nbsp;<\/p>\n<fb:like href='https:\/\/www.leccecronaca.it\/index.php\/2016\/03\/16\/diario-del-giorno-prima-il-tam-tam-di-annibale-13\/' send='true' layout='button_count' show_faces='true' width='450' height='65' action='recommend' colorscheme='light' font='lucida grande'><\/fb:like><span class=\"fb_share\"><fb:like href=\"https:\/\/www.leccecronaca.it\/index.php\/2016\/03\/16\/diario-del-giorno-prima-il-tam-tam-di-annibale-13\/\" layout=\"button_count\"><\/fb:like><\/span>","protected":false},"excerpt":{"rendered":"<p>ITALIA ______ BARI &#8211; Un&#8217;operazione anticrimine capillare che porta la firma del comando di Polizia di Stato del capoluogo pugliese \u00e8 andata in scena nella giornata di ieri. Ordinanza di custodia cautelare emessa nei confronti di ben ventitr\u00e9 persone facenti parte del clan storico del boss &#8220;Savinuccio&#8221; Parisi, anche lui tra i colpiti dal provvedimento. [&hellip;]<\/p>\n","protected":false},"author":4,"featured_media":78369,"comment_status":"open","ping_status":"closed","sticky":false,"template":"","format":"standard","meta":[],"categories":[1],"tags":[],"_links":{"self":[{"href":"https:\/\/www.leccecronaca.it\/index.php\/wp-json\/wp\/v2\/posts\/78368"}],"collection":[{"href":"https:\/\/www.leccecronaca.it\/index.php\/wp-json\/wp\/v2\/posts"}],"about":[{"href":"https:\/\/www.leccecronaca.it\/index.php\/wp-json\/wp\/v2\/types\/post"}],"author":[{"embeddable":true,"href":"https:\/\/www.leccecronaca.it\/index.php\/wp-json\/wp\/v2\/users\/4"}],"replies":[{"embeddable":true,"href":"https:\/\/www.leccecronaca.it\/index.php\/wp-json\/wp\/v2\/comments?post=78368"}],"version-history":[{"count":1,"href":"https:\/\/www.leccecronaca.it\/index.php\/wp-json\/wp\/v2\/posts\/78368\/revisions"}],"predecessor-version":[{"id":78370,"href":"https:\/\/www.leccecronaca.it\/index.php\/wp-json\/wp\/v2\/posts\/78368\/revisions\/78370"}],"wp:featuredmedia":[{"embeddable":true,"href":"https:\/\/www.leccecronaca.it\/index.php\/wp-json\/wp\/v2\/media\/78369"}],"wp:attachment":[{"href":"https:\/\/www.leccecronaca.it\/index.php\/wp-json\/wp\/v2\/media?parent=78368"}],"wp:term":[{"taxonomy":"category","embeddable":true,"href":"https:\/\/www.leccecronaca.it\/index.php\/wp-json\/wp\/v2\/categories?post=78368"},{"taxonomy":"post_tag","embeddable":true,"href":"https:\/\/www.leccecronaca.it\/index.php\/wp-json\/wp\/v2\/tags?post=78368"}],"curies":[{"name":"wp","href":"https:\/\/api.w.org\/{rel}","templated":true}]}}