{"id":78421,"date":"2016-03-16T08:16:59","date_gmt":"2016-03-16T07:16:59","guid":{"rendered":"http:\/\/www.leccecronaca.it\/?p=78421"},"modified":"2016-03-16T14:24:18","modified_gmt":"2016-03-16T13:24:18","slug":"le-poetemodi-fra-dolcezza-e-violenza","status":"publish","type":"post","link":"https:\/\/www.leccecronaca.it\/index.php\/2016\/03\/16\/le-poetemodi-fra-dolcezza-e-violenza\/","title":{"rendered":"LE POETEMODI, FRA DOLCEZZA E VIOLENZA"},"content":{"rendered":"<p><img decoding=\"async\" loading=\"lazy\" width=\"960\" height=\"640\" title=\"12800193_973832256005949_1164456698193548317_n\" class=\"alignleft size-full wp-image-78422\" alt=\"\" src=\"https:\/\/www.leccecronaca.it\/wordpress\/wp-content\/uploads\/2016\/03\/12800193_973832256005949_1164456698193548317_n.jpg\" srcset=\"https:\/\/www.leccecronaca.it\/wordpress\/wp-content\/uploads\/2016\/03\/12800193_973832256005949_1164456698193548317_n.jpg 960w, https:\/\/www.leccecronaca.it\/wordpress\/wp-content\/uploads\/2016\/03\/12800193_973832256005949_1164456698193548317_n-300x200.jpg 300w, https:\/\/www.leccecronaca.it\/wordpress\/wp-content\/uploads\/2016\/03\/12800193_973832256005949_1164456698193548317_n-768x512.jpg 768w\" sizes=\"(max-width: 960px) 100vw, 960px\" \/>di <strong>Mino Pica______<\/strong><\/p>\n<p>Questo\u00a0fine settimana per le Poetemodi, nella nuova versione in duo, ci sono in programma due appuntamenti:\u00a0il concerto di venerd\u00ec 18 marzo presso lo Zei di Lecce e di domenica 20 presso il Caff\u00e8 Teatro Il Melograno di Nard\u00f2.<\/p>\n<p>Si tratta della nuova versione live de le Poetemodi, che presentano la loro versione inedita in duo con Salvatore De Stradis (voce e chitarra) e Marilina De Stradis (tastiera e voci, nella foto).<\/p>\n<p>La versione 2\/5 le Poet\u00e8modi, gi\u00e0 portata dal vivo con le prime tappe di Mesagne e Brindisi, \u00e8 l\u2019idea di concerto ideata, in questa fase, per la piccola corrente d\u2019avanguardia che ritorna ad esibirsi dal vivo con due quinti della propria formazione. le Poet\u00e8modi \u00e8 infatti un gruppo in realt\u00e0 composto da Salvatore De Stradis, Vincenzo Diviggiano, Salvatore Carrasca, Antonio Cristiano Nigro e Marilina De Stradis, che nel corso del tempo ha condiviso il palco con Gianni Maroccolo, Giorgio Canali, Amerigo Verardi, Emidio Clementi (Massimo Volume), Edda.<\/p>\n<p>Due sono gli album all&#8217;attivo, ormai esauriti in supporto fisico. le Poet\u00e8modi ha anche composto la colonna sonora dello spettacolo &#8220;dov&#8217;\u00e8 Desdemona?&#8221; vincitore del premio del pubblico al Fringe Festival 2014 di Roma, andato in scena anche a Parigi.<\/p>\n<p>Fra i prossimi appuntamenti si segnala anche quello del 30 marzo prossimo presso l\u2019Ottavio Wine Bar di Brindisi e del primo aprile presso l\u2019Underground Pub di Porto Cesareo.<\/p>\n<p>\u201cLe Poet\u00e8mod\u00ec\u201d \u00e8 una piccola corrente artistica nata con l\u2019esigenza di veicolare messaggi con uno stile evanescente e carnale. La musica \u00e8 un mix di dolcezza e violenza, di linee melodiche fluttuanti e distorte, poesia e musica. Il nome \u00e8 un\u2019italianizzazione del francese \u201cles poetes maudits\u201d e la parte finale (mod\u00ec) allude alla firma del grande artista italiano Amedeo Modigliani.<\/p>\n<p>&nbsp;<\/p>\n<p>&nbsp;<\/p>\n<fb:like href='https:\/\/www.leccecronaca.it\/index.php\/2016\/03\/16\/le-poetemodi-fra-dolcezza-e-violenza\/' send='true' layout='button_count' show_faces='true' width='450' height='65' action='recommend' colorscheme='light' font='lucida grande'><\/fb:like><span class=\"fb_share\"><fb:like href=\"https:\/\/www.leccecronaca.it\/index.php\/2016\/03\/16\/le-poetemodi-fra-dolcezza-e-violenza\/\" layout=\"button_count\"><\/fb:like><\/span>","protected":false},"excerpt":{"rendered":"<p>di Mino Pica______ Questo\u00a0fine settimana per le Poetemodi, nella nuova versione in duo, ci sono in programma due appuntamenti:\u00a0il concerto di venerd\u00ec 18 marzo presso lo Zei di Lecce e di domenica 20 presso il Caff\u00e8 Teatro Il Melograno di Nard\u00f2. Si tratta della nuova versione live de le Poetemodi, che presentano la loro versione [&hellip;]<\/p>\n","protected":false},"author":4,"featured_media":78422,"comment_status":"open","ping_status":"closed","sticky":false,"template":"","format":"standard","meta":[],"categories":[1],"tags":[],"_links":{"self":[{"href":"https:\/\/www.leccecronaca.it\/index.php\/wp-json\/wp\/v2\/posts\/78421"}],"collection":[{"href":"https:\/\/www.leccecronaca.it\/index.php\/wp-json\/wp\/v2\/posts"}],"about":[{"href":"https:\/\/www.leccecronaca.it\/index.php\/wp-json\/wp\/v2\/types\/post"}],"author":[{"embeddable":true,"href":"https:\/\/www.leccecronaca.it\/index.php\/wp-json\/wp\/v2\/users\/4"}],"replies":[{"embeddable":true,"href":"https:\/\/www.leccecronaca.it\/index.php\/wp-json\/wp\/v2\/comments?post=78421"}],"version-history":[{"count":2,"href":"https:\/\/www.leccecronaca.it\/index.php\/wp-json\/wp\/v2\/posts\/78421\/revisions"}],"predecessor-version":[{"id":78424,"href":"https:\/\/www.leccecronaca.it\/index.php\/wp-json\/wp\/v2\/posts\/78421\/revisions\/78424"}],"wp:featuredmedia":[{"embeddable":true,"href":"https:\/\/www.leccecronaca.it\/index.php\/wp-json\/wp\/v2\/media\/78422"}],"wp:attachment":[{"href":"https:\/\/www.leccecronaca.it\/index.php\/wp-json\/wp\/v2\/media?parent=78421"}],"wp:term":[{"taxonomy":"category","embeddable":true,"href":"https:\/\/www.leccecronaca.it\/index.php\/wp-json\/wp\/v2\/categories?post=78421"},{"taxonomy":"post_tag","embeddable":true,"href":"https:\/\/www.leccecronaca.it\/index.php\/wp-json\/wp\/v2\/tags?post=78421"}],"curies":[{"name":"wp","href":"https:\/\/api.w.org\/{rel}","templated":true}]}}