{"id":78484,"date":"2026-03-17T00:01:00","date_gmt":"2026-03-16T23:01:00","guid":{"rendered":"http:\/\/www.leccecronaca.it\/?p=78484"},"modified":"2026-03-15T11:30:11","modified_gmt":"2026-03-15T10:30:11","slug":"buongiorno-per-tutto-il-giorno-121","status":"publish","type":"post","link":"https:\/\/www.leccecronaca.it\/index.php\/2026\/03\/17\/buongiorno-per-tutto-il-giorno-121\/","title":{"rendered":"DIARIO DEL GIORNO \/ MARTEDI&#8217; 17 MARZO 2026"},"content":{"rendered":"<p><img decoding=\"async\" loading=\"lazy\" class=\"aligncenter wp-image-78485 size-full\" title=\"spatrizioitalia\" src=\"https:\/\/www.leccecronaca.it\/wordpress\/wp-content\/uploads\/2016\/03\/spatrizioitalia.jpg\" alt=\"\" width=\"800\" height=\"370\" srcset=\"https:\/\/www.leccecronaca.it\/wordpress\/wp-content\/uploads\/2016\/03\/spatrizioitalia.jpg 800w, https:\/\/www.leccecronaca.it\/wordpress\/wp-content\/uploads\/2016\/03\/spatrizioitalia-300x139.jpg 300w, https:\/\/www.leccecronaca.it\/wordpress\/wp-content\/uploads\/2016\/03\/spatrizioitalia-768x355.jpg 768w, https:\/\/www.leccecronaca.it\/wordpress\/wp-content\/uploads\/2016\/03\/spatrizioitalia-630x290.jpg 630w, https:\/\/www.leccecronaca.it\/wordpress\/wp-content\/uploads\/2016\/03\/spatrizioitalia-315x145.jpg 315w\" sizes=\"(max-width: 800px) 100vw, 800px\" \/><\/p>\n<p>Buongiorno!<\/p>\n<p>Oggi \u00e8 marted\u00ec 17 marzo 2026.<\/p>\n<p>San Patrizio.<\/p>\n<p>Buon onomastico alle nostre amiche e lettrici che portano questo nome!<\/p>\n<p>Nato con il nome di Maewyin Succat, il santo scelse successivamente il nome latino di Patrizio (Bannaventa Berniae, 385 \u2013 Saul, 17 marzo 461); \u00e8 stato un vescovo e missionario irlandese di origini scozzesi.<\/p>\n<p>\u00c8 venerato come santo dalla Chiesa cattolica e ortodossa.\u00a0E&#8217; il patrono dell&#8217;Irlanda.<\/p>\n<p>Viene festeggiato da tutta la comunit\u00e0 irlandese del mondo, appunto oggi 17 marzo, data della sua morte, con grandi eventi, pubblici e privati.<\/p>\n<p>1971\u00a0&#8211;\u00a0Roma, Il governo rende noto il tentativo di\u00a0golpe\u00a0di\u00a0Valerio Borghese, che, colpito da mandato di cattura, si rifugia in Spagna. Grande sconcerto in tutta Italia.<\/p>\n<p>Con\u00a0golpe Borghese\u00a0(citato anche come\u00a0golpe dei forestali\u00a0o\u00a0golpe dell&#8217;Immacolata) si indica un tentato\u00a0colpo di Stato\u00a0in\u00a0Italia durante la notte tra il 7 e l&#8217;8 dicembre\u00a01970\u00a0(chiamata anche\u00a0notte di Tora Tora, in ricordo dell&#8217;attacco giapponese a\u00a0Pearl Harbor\u00a0del 7 dicembre\u00a01941) e organizzato da\u00a0Junio Valerio Borghese, sotto la sigla\u00a0Fronte Nazionale, in stretto rapporto con\u00a0Avanguardia Nazionale.<\/p>\n<p>Borghese, noto anche con il soprannome di\u00a0principe nero, era in precedenza conosciuto per essere stato il comandante della\u00a0X Flottiglia MAS\u00a0fin dal 1\u00ba maggio\u00a01943\u00a0e dopo l&#8217;8 settembre 1943\u00a0con il\u00a0proprio reparto\u00a0aveva aderito alla\u00a0Repubblica Sociale Italiana.<\/p>\n<p>Il golpe fu annullato dallo stesso Borghese mentre era in corso di esecuzione, per motivi mai chiariti.<\/p>\n<p>Proverbio salentino: <strong>AMA CI TE AMA SE VUEI LU SPASSU CA CU AMI CI NU TE AMA E&#8217; TIEMPU PERSO<\/strong><br \/>\nAma chi ti ama se vuoi la felicit\u00e0 che amare chi non ti ama \u00e8 tempo perso.<br \/>\nBisogna amare chi\u00a0ricambia il nostro sentimento, \u00a0disperarsi dietro una persona a cui non importa nulla di noi, \u00e8 tempo speso sprecato e non fa bene al nostro amor proprio, perch\u00e9 non bisogna dimenticarsi che prima di voler bene agli altri bisogna volere bene a s\u00e9 stessi.<\/p>\n<fb:like href='https:\/\/www.leccecronaca.it\/index.php\/2026\/03\/17\/buongiorno-per-tutto-il-giorno-121\/' send='true' layout='button_count' show_faces='true' width='450' height='65' action='recommend' colorscheme='light' font='lucida grande'><\/fb:like><span class=\"fb_share\"><fb:like href=\"https:\/\/www.leccecronaca.it\/index.php\/2026\/03\/17\/buongiorno-per-tutto-il-giorno-121\/\" layout=\"button_count\"><\/fb:like><\/span>","protected":false},"excerpt":{"rendered":"<p>Buongiorno! Oggi \u00e8 marted\u00ec 17 marzo 2026. San Patrizio. Buon onomastico alle nostre amiche e lettrici che portano questo nome! Nato con il nome di Maewyin Succat, il santo scelse successivamente il nome latino di Patrizio (Bannaventa Berniae, 385 \u2013 Saul, 17 marzo 461); \u00e8 stato un vescovo e missionario irlandese di origini scozzesi. \u00c8 [&hellip;]<\/p>\n","protected":false},"author":4,"featured_media":78485,"comment_status":"open","ping_status":"closed","sticky":false,"template":"","format":"standard","meta":[],"categories":[1],"tags":[],"_links":{"self":[{"href":"https:\/\/www.leccecronaca.it\/index.php\/wp-json\/wp\/v2\/posts\/78484"}],"collection":[{"href":"https:\/\/www.leccecronaca.it\/index.php\/wp-json\/wp\/v2\/posts"}],"about":[{"href":"https:\/\/www.leccecronaca.it\/index.php\/wp-json\/wp\/v2\/types\/post"}],"author":[{"embeddable":true,"href":"https:\/\/www.leccecronaca.it\/index.php\/wp-json\/wp\/v2\/users\/4"}],"replies":[{"embeddable":true,"href":"https:\/\/www.leccecronaca.it\/index.php\/wp-json\/wp\/v2\/comments?post=78484"}],"version-history":[{"count":15,"href":"https:\/\/www.leccecronaca.it\/index.php\/wp-json\/wp\/v2\/posts\/78484\/revisions"}],"predecessor-version":[{"id":256717,"href":"https:\/\/www.leccecronaca.it\/index.php\/wp-json\/wp\/v2\/posts\/78484\/revisions\/256717"}],"wp:featuredmedia":[{"embeddable":true,"href":"https:\/\/www.leccecronaca.it\/index.php\/wp-json\/wp\/v2\/media\/78485"}],"wp:attachment":[{"href":"https:\/\/www.leccecronaca.it\/index.php\/wp-json\/wp\/v2\/media?parent=78484"}],"wp:term":[{"taxonomy":"category","embeddable":true,"href":"https:\/\/www.leccecronaca.it\/index.php\/wp-json\/wp\/v2\/categories?post=78484"},{"taxonomy":"post_tag","embeddable":true,"href":"https:\/\/www.leccecronaca.it\/index.php\/wp-json\/wp\/v2\/tags?post=78484"}],"curies":[{"name":"wp","href":"https:\/\/api.w.org\/{rel}","templated":true}]}}