{"id":78549,"date":"2016-04-07T00:08:14","date_gmt":"2016-04-06T22:08:14","guid":{"rendered":"http:\/\/www.leccecronaca.it\/?p=78549"},"modified":"2016-04-07T08:54:07","modified_gmt":"2016-04-07T06:54:07","slug":"una-rilettura-allegra-di-paolo-conte-a-teatro-8-aprile-a-torre-santa-susanna-con-gli-scontati","status":"publish","type":"post","link":"https:\/\/www.leccecronaca.it\/index.php\/2016\/04\/07\/una-rilettura-allegra-di-paolo-conte-a-teatro-8-aprile-a-torre-santa-susanna-con-gli-scontati\/","title":{"rendered":"DIARIO DEL GIORNO DOPO \/ TEATRO \/ UNA RILETTURA&#8230;&#8217;ALLEGRA&#8217; DI PAOLO CONTE, A TEATRO A TORRE SANTA SUSANNA VENERDI&#8217; 8"},"content":{"rendered":"<p><img decoding=\"async\" loading=\"lazy\" width=\"1024\" height=\"637\" title=\"scontatiSTRETTA\" class=\"aligncenter size-large wp-image-78553\" alt=\"\" src=\"https:\/\/www.leccecronaca.it\/wordpress\/wp-content\/uploads\/2016\/03\/scontatiSTRETTA-1024x637.jpg\" \/>(m.p.)<strong>______<\/strong><\/p>\n<p>Venerd\u00ec 8 aprile, \u00a0alle 21, a Torre Santa Susanna,\u00a0al Teatro Comunale, in via Galaso, Gli Scontati, vale a dire Lorenzo Kruger (Nobraino) e Giacomo Toni, saranno in concerto, organizzato dal locale &#8216;Il Barcollo&#8217;.<\/p>\n<p>Si tratta di un appuntamento certamente speciale, sia per l\u2019attesa esibizione di una delle proposte contemporanee pi\u00f9 interessanti, testimoniata dalla qualit\u00e0 di due artisti di indubbio spessore che, con questo progetto, omaggiano Paolo Conte, sia per il luogo che ospiter\u00e0 il concerto.<\/p>\n<p>Il Barcollo infatti, che quest\u2019anno festegger\u00e0 il suo quinto anno di attivit\u00e0, propone per la prima volta in assoluto un concerto all\u2019interno del teatro comunale di Torre Santa Susanna, tra l\u2019altro adiacente proprio al locale di via Galaso.<\/p>\n<p>Dopo aver ospitato, all\u2019interno del proprio locale, artisti del calibro di I Camillas, Roberto Dellera, Adriano Viterbini, Francesco Di Bella, Gianluca De Rubertis, Luigi Grechi De Gregori e tanti altri, il Barcollo presenta questo particolare appuntamento all\u2019interno di un teatro che in questi ultimi mesi ha ripreso tra l\u2019altro vita anche grazie al progetto \u201cCine Qua Non\u201d.<\/p>\n<p>Lorenzo Kruger (Nobraino) e Giacomo Toni saranno la voce e il pianoforte di questo duo, concerto omaggio a Paolo Conte. una scelta di brani che traccia un profilo vivace del grande autore astigiano. Qualche ricercatezza ma perlopi\u00f9 grandi classici, molto conosciuti, quasi &#8220;Scontati&#8221;. Una lettura di Conte, che se Conte non fosse Conte, potremmo definire allegra.<\/p>\n<p>Lorenzo Kruger \u00e8 il cantante dei Nobraino, nota indie-band italiana, molto attiva in questi anni nei circuiti live della penisola. A questa esperienza deve la maturazione di tutti i suoi aspetti artistici. La scrittura autorale, e la continua ricerca di uno stile personale, si sono unite alle istanze sceniche dello spettacolo rock. Alla grande passione per la buona forma verbale si \u00e8 aggiunto quindi l&#8217;istrionismo del rocker, un connubio che dopo centinaia di concerti, passando dai club ai teatri, dalle piazze alla tv, ha dato vita ad uno stile interpretativo di sicuro impatto scenico.<\/p>\n<p>Giacomo Toni \u00e8, per una serie di circostanze casuali, autore cantante e pianista. Dal 2005 canta e dice enormit\u00e0 contraddittorie insieme alla Novecento Band, composta da ottimi musicisti amanti dello swing. E\u2019 legato alla sperimentazione letteraria e musicale e alla ricerca di un\u2019interpretazione che vuole conciliare la raffinatezza alla volgarit\u00e0, come l\u2019armonia alla dissonanza. E\u2019 stato vincitore di diversi premi a livello nazionale che riguardano la canzone d\u2019autore italiana, tranne una volta, che vinsero i Nobraino, nota indie-band italiana. Collabora con diverse compagnie teatrali.<\/p>\n<p>Biglietti a 7 euro.<\/p>\n<p>Per maggiori informazioni e prevendita, si pu\u00f2 chiamare il numero\u00a0327 0118072<\/p>\n<p>&nbsp;<\/p>\n<p>COMUNICATO STAMPA \u2013 BARCOLLO<\/p>\n<p>Torre S. Susanna, 17-03-16<\/p>\n<p>&nbsp;<\/p>\n<fb:like href='https:\/\/www.leccecronaca.it\/index.php\/2016\/04\/07\/una-rilettura-allegra-di-paolo-conte-a-teatro-8-aprile-a-torre-santa-susanna-con-gli-scontati\/' send='true' layout='button_count' show_faces='true' width='450' height='65' action='recommend' colorscheme='light' font='lucida grande'><\/fb:like><span class=\"fb_share\"><fb:like href=\"https:\/\/www.leccecronaca.it\/index.php\/2016\/04\/07\/una-rilettura-allegra-di-paolo-conte-a-teatro-8-aprile-a-torre-santa-susanna-con-gli-scontati\/\" layout=\"button_count\"><\/fb:like><\/span>","protected":false},"excerpt":{"rendered":"<p>(m.p.)______ Venerd\u00ec 8 aprile, \u00a0alle 21, a Torre Santa Susanna,\u00a0al Teatro Comunale, in via Galaso, Gli Scontati, vale a dire Lorenzo Kruger (Nobraino) e Giacomo Toni, saranno in concerto, organizzato dal locale &#8216;Il Barcollo&#8217;. Si tratta di un appuntamento certamente speciale, sia per l\u2019attesa esibizione di una delle proposte contemporanee pi\u00f9 interessanti, testimoniata dalla qualit\u00e0 [&hellip;]<\/p>\n","protected":false},"author":4,"featured_media":78553,"comment_status":"open","ping_status":"closed","sticky":false,"template":"","format":"standard","meta":[],"categories":[31,75],"tags":[],"_links":{"self":[{"href":"https:\/\/www.leccecronaca.it\/index.php\/wp-json\/wp\/v2\/posts\/78549"}],"collection":[{"href":"https:\/\/www.leccecronaca.it\/index.php\/wp-json\/wp\/v2\/posts"}],"about":[{"href":"https:\/\/www.leccecronaca.it\/index.php\/wp-json\/wp\/v2\/types\/post"}],"author":[{"embeddable":true,"href":"https:\/\/www.leccecronaca.it\/index.php\/wp-json\/wp\/v2\/users\/4"}],"replies":[{"embeddable":true,"href":"https:\/\/www.leccecronaca.it\/index.php\/wp-json\/wp\/v2\/comments?post=78549"}],"version-history":[{"count":6,"href":"https:\/\/www.leccecronaca.it\/index.php\/wp-json\/wp\/v2\/posts\/78549\/revisions"}],"predecessor-version":[{"id":78555,"href":"https:\/\/www.leccecronaca.it\/index.php\/wp-json\/wp\/v2\/posts\/78549\/revisions\/78555"}],"wp:featuredmedia":[{"embeddable":true,"href":"https:\/\/www.leccecronaca.it\/index.php\/wp-json\/wp\/v2\/media\/78553"}],"wp:attachment":[{"href":"https:\/\/www.leccecronaca.it\/index.php\/wp-json\/wp\/v2\/media?parent=78549"}],"wp:term":[{"taxonomy":"category","embeddable":true,"href":"https:\/\/www.leccecronaca.it\/index.php\/wp-json\/wp\/v2\/categories?post=78549"},{"taxonomy":"post_tag","embeddable":true,"href":"https:\/\/www.leccecronaca.it\/index.php\/wp-json\/wp\/v2\/tags?post=78549"}],"curies":[{"name":"wp","href":"https:\/\/api.w.org\/{rel}","templated":true}]}}