{"id":79276,"date":"2016-03-24T21:24:02","date_gmt":"2016-03-24T20:24:02","guid":{"rendered":"http:\/\/www.leccecronaca.it\/?p=79276"},"modified":"2016-03-24T21:24:02","modified_gmt":"2016-03-24T20:24:02","slug":"fra-realta-e-prospettive-ritorna-il-periodo-estivo","status":"publish","type":"post","link":"https:\/\/www.leccecronaca.it\/index.php\/2016\/03\/24\/fra-realta-e-prospettive-ritorna-il-periodo-estivo\/","title":{"rendered":"FRA REALTA&#8217; E PROSPETTIVE, RITORNA IL PERIODO ESTIVO"},"content":{"rendered":"<p><img decoding=\"async\" loading=\"lazy\" width=\"2000\" height=\"1333\" title=\"to\" class=\"aligncenter size-full wp-image-79287\" alt=\"\" src=\"https:\/\/www.leccecronaca.it\/wordpress\/wp-content\/uploads\/2016\/03\/to.jpg\" srcset=\"https:\/\/www.leccecronaca.it\/wordpress\/wp-content\/uploads\/2016\/03\/to.jpg 2000w, https:\/\/www.leccecronaca.it\/wordpress\/wp-content\/uploads\/2016\/03\/to-300x200.jpg 300w, https:\/\/www.leccecronaca.it\/wordpress\/wp-content\/uploads\/2016\/03\/to-1024x682.jpg 1024w, https:\/\/www.leccecronaca.it\/wordpress\/wp-content\/uploads\/2016\/03\/to-768x512.jpg 768w, https:\/\/www.leccecronaca.it\/wordpress\/wp-content\/uploads\/2016\/03\/to-1536x1024.jpg 1536w\" sizes=\"(max-width: 2000px) 100vw, 2000px\" \/>di <strong>Emanuele Ricercato______<\/strong><\/p>\n<p>Siamo ormai alle porte della nuova stagione turistica estiva ( nella foto di Valerio Melcore, Torre dell&#8217; Orso, ndr) ed \u00e8 arrivato dunque\u00a0il momento, dopo tanti reclami, di rimboccarsi le maniche e di fare concretamente qualcosa.<\/p>\n<p>Il Comune sembra che finalmente abbia deciso di impegnarsi in una concreta rivalutazione delle marine. Nei prossimi mesi speriamo di vedere i primi frutti, se le intenzioni eterne si trasformeranno &#8216;stavolta in fatti concreti.<\/p>\n<p>Intanto il 17 aprile siamo tutti chiamati a votare S\u00ec nel referendum per scongiurare le trivellazioni nel nostro mare. Non possiamo far deturpare il Salento dai poteri forti che ci vogliono passivi e inerti. Non hanno fatto i conti con gli orgogliosi salentini. Comunque una notizia buona almeno per noi c&#8217;\u00e8.<\/p>\n<p>Infatti\u00a0\u00e8 di qualche giorno fa la notizia che siamo diventati &#8220;distretto turistico&#8221; e con ci\u00f2 quindi un area a burocrazia zero. Cosa vuol dire? Che chi ha gi\u00e0 un attivit\u00e0 o chi se ne vorr\u00e0 aprire una nuova nel campo turistico, lo potr\u00e0 fare pi\u00f9 facilmente. Quindi i nostri imprenditori devono cogliere la palla al balzo e non farsi soffiare sempre le idee da investitori stranieri. Un esempio, per quanto discutibile, nella tipologia di insediamento previsto,\u00a0\u00e8 quello di Briatore che presto investir\u00e0 ad Otranto aprendo un Lido extra lusso.<\/p>\n<p>Comunque,\u00a0abbiamo sia i mezzi,\u00a0sia le possibilit\u00e0,\u00a0per fare bene. Ora sfruttiamoli.<\/p>\n<fb:like href='https:\/\/www.leccecronaca.it\/index.php\/2016\/03\/24\/fra-realta-e-prospettive-ritorna-il-periodo-estivo\/' send='true' layout='button_count' show_faces='true' width='450' height='65' action='recommend' colorscheme='light' font='lucida grande'><\/fb:like><span class=\"fb_share\"><fb:like href=\"https:\/\/www.leccecronaca.it\/index.php\/2016\/03\/24\/fra-realta-e-prospettive-ritorna-il-periodo-estivo\/\" layout=\"button_count\"><\/fb:like><\/span>","protected":false},"excerpt":{"rendered":"<p>di Emanuele Ricercato______ Siamo ormai alle porte della nuova stagione turistica estiva ( nella foto di Valerio Melcore, Torre dell&#8217; Orso, ndr) ed \u00e8 arrivato dunque\u00a0il momento, dopo tanti reclami, di rimboccarsi le maniche e di fare concretamente qualcosa. Il Comune sembra che finalmente abbia deciso di impegnarsi in una concreta rivalutazione delle marine. Nei [&hellip;]<\/p>\n","protected":false},"author":4,"featured_media":79287,"comment_status":"open","ping_status":"closed","sticky":false,"template":"","format":"standard","meta":[],"categories":[1,69],"tags":[],"_links":{"self":[{"href":"https:\/\/www.leccecronaca.it\/index.php\/wp-json\/wp\/v2\/posts\/79276"}],"collection":[{"href":"https:\/\/www.leccecronaca.it\/index.php\/wp-json\/wp\/v2\/posts"}],"about":[{"href":"https:\/\/www.leccecronaca.it\/index.php\/wp-json\/wp\/v2\/types\/post"}],"author":[{"embeddable":true,"href":"https:\/\/www.leccecronaca.it\/index.php\/wp-json\/wp\/v2\/users\/4"}],"replies":[{"embeddable":true,"href":"https:\/\/www.leccecronaca.it\/index.php\/wp-json\/wp\/v2\/comments?post=79276"}],"version-history":[{"count":2,"href":"https:\/\/www.leccecronaca.it\/index.php\/wp-json\/wp\/v2\/posts\/79276\/revisions"}],"predecessor-version":[{"id":79290,"href":"https:\/\/www.leccecronaca.it\/index.php\/wp-json\/wp\/v2\/posts\/79276\/revisions\/79290"}],"wp:featuredmedia":[{"embeddable":true,"href":"https:\/\/www.leccecronaca.it\/index.php\/wp-json\/wp\/v2\/media\/79287"}],"wp:attachment":[{"href":"https:\/\/www.leccecronaca.it\/index.php\/wp-json\/wp\/v2\/media?parent=79276"}],"wp:term":[{"taxonomy":"category","embeddable":true,"href":"https:\/\/www.leccecronaca.it\/index.php\/wp-json\/wp\/v2\/categories?post=79276"},{"taxonomy":"post_tag","embeddable":true,"href":"https:\/\/www.leccecronaca.it\/index.php\/wp-json\/wp\/v2\/tags?post=79276"}],"curies":[{"name":"wp","href":"https:\/\/api.w.org\/{rel}","templated":true}]}}