{"id":79610,"date":"2016-03-30T00:08:06","date_gmt":"2016-03-29T22:08:06","guid":{"rendered":"http:\/\/www.leccecronaca.it\/?p=79610"},"modified":"2016-03-28T22:08:46","modified_gmt":"2016-03-28T20:08:46","slug":"diario-del-giorno-dopo-libri-l-ultimo-re-di-angelo-donno-a-nardo-giovedi-31","status":"publish","type":"post","link":"https:\/\/www.leccecronaca.it\/index.php\/2016\/03\/30\/diario-del-giorno-dopo-libri-l-ultimo-re-di-angelo-donno-a-nardo-giovedi-31\/","title":{"rendered":"DIARIO DEL GIORNO DOPO \/ LIBRI \/ L&#8217; ULTIMO RE DI ANGELO DONNO A NARDO&#8217; GIOVEDI&#8217; 31"},"content":{"rendered":"<p><img decoding=\"async\" loading=\"lazy\" width=\"300\" height=\"300\" title=\"12705587_10206273374968387_4675805566518558851_n\" class=\"aligncenter size-medium wp-image-79611\" alt=\"\" src=\"https:\/\/www.leccecronaca.it\/wordpress\/wp-content\/uploads\/2016\/03\/12705587_10206273374968387_4675805566518558851_n-300x300.jpg\" srcset=\"https:\/\/www.leccecronaca.it\/wordpress\/wp-content\/uploads\/2016\/03\/12705587_10206273374968387_4675805566518558851_n-300x300.jpg 300w, https:\/\/www.leccecronaca.it\/wordpress\/wp-content\/uploads\/2016\/03\/12705587_10206273374968387_4675805566518558851_n-150x150.jpg 150w, https:\/\/www.leccecronaca.it\/wordpress\/wp-content\/uploads\/2016\/03\/12705587_10206273374968387_4675805566518558851_n-60x60.jpg 60w, https:\/\/www.leccecronaca.it\/wordpress\/wp-content\/uploads\/2016\/03\/12705587_10206273374968387_4675805566518558851_n.jpg 727w\" sizes=\"(max-width: 300px) 100vw, 300px\" \/>Gioved\u00ec 31 marzo 2016, alle 19, a Nard\u00f2, presso &#8216;Il caff\u00e8 letterario&#8217;, in via Lata 12, ci sar\u00e0 la presentazione del romanzo storio, ambientato nel Regno Borbonico,\u00a0&#8220;L&#8217; ultimo re. Nel cuore del regno&#8221;, di Angelo Donno (nella foto), Lupo editore. Dialoga con l&#8217; autore Annalaura Giannelli, con la partecipazione di Antonio Soleti.<\/p>\n<fb:like href='https:\/\/www.leccecronaca.it\/index.php\/2016\/03\/30\/diario-del-giorno-dopo-libri-l-ultimo-re-di-angelo-donno-a-nardo-giovedi-31\/' send='true' layout='button_count' show_faces='true' width='450' height='65' action='recommend' colorscheme='light' font='lucida grande'><\/fb:like><span class=\"fb_share\"><fb:like href=\"https:\/\/www.leccecronaca.it\/index.php\/2016\/03\/30\/diario-del-giorno-dopo-libri-l-ultimo-re-di-angelo-donno-a-nardo-giovedi-31\/\" layout=\"button_count\"><\/fb:like><\/span>","protected":false},"excerpt":{"rendered":"<p>Gioved\u00ec 31 marzo 2016, alle 19, a Nard\u00f2, presso &#8216;Il caff\u00e8 letterario&#8217;, in via Lata 12, ci sar\u00e0 la presentazione del romanzo storio, ambientato nel Regno Borbonico,\u00a0&#8220;L&#8217; ultimo re. Nel cuore del regno&#8221;, di Angelo Donno (nella foto), Lupo editore. Dialoga con l&#8217; autore Annalaura Giannelli, con la partecipazione di Antonio Soleti.<\/p>\n","protected":false},"author":4,"featured_media":79611,"comment_status":"open","ping_status":"closed","sticky":false,"template":"","format":"standard","meta":[],"categories":[75],"tags":[],"_links":{"self":[{"href":"https:\/\/www.leccecronaca.it\/index.php\/wp-json\/wp\/v2\/posts\/79610"}],"collection":[{"href":"https:\/\/www.leccecronaca.it\/index.php\/wp-json\/wp\/v2\/posts"}],"about":[{"href":"https:\/\/www.leccecronaca.it\/index.php\/wp-json\/wp\/v2\/types\/post"}],"author":[{"embeddable":true,"href":"https:\/\/www.leccecronaca.it\/index.php\/wp-json\/wp\/v2\/users\/4"}],"replies":[{"embeddable":true,"href":"https:\/\/www.leccecronaca.it\/index.php\/wp-json\/wp\/v2\/comments?post=79610"}],"version-history":[{"count":1,"href":"https:\/\/www.leccecronaca.it\/index.php\/wp-json\/wp\/v2\/posts\/79610\/revisions"}],"predecessor-version":[{"id":79612,"href":"https:\/\/www.leccecronaca.it\/index.php\/wp-json\/wp\/v2\/posts\/79610\/revisions\/79612"}],"wp:featuredmedia":[{"embeddable":true,"href":"https:\/\/www.leccecronaca.it\/index.php\/wp-json\/wp\/v2\/media\/79611"}],"wp:attachment":[{"href":"https:\/\/www.leccecronaca.it\/index.php\/wp-json\/wp\/v2\/media?parent=79610"}],"wp:term":[{"taxonomy":"category","embeddable":true,"href":"https:\/\/www.leccecronaca.it\/index.php\/wp-json\/wp\/v2\/categories?post=79610"},{"taxonomy":"post_tag","embeddable":true,"href":"https:\/\/www.leccecronaca.it\/index.php\/wp-json\/wp\/v2\/tags?post=79610"}],"curies":[{"name":"wp","href":"https:\/\/api.w.org\/{rel}","templated":true}]}}