{"id":79745,"date":"2016-03-30T13:59:05","date_gmt":"2016-03-30T11:59:05","guid":{"rendered":"http:\/\/www.leccecronaca.it\/?p=79745"},"modified":"2016-03-30T18:36:12","modified_gmt":"2016-03-30T16:36:12","slug":"lecce-alessandro-adamo-nel-consiglio-d-amministrazione","status":"publish","type":"post","link":"https:\/\/www.leccecronaca.it\/index.php\/2016\/03\/30\/lecce-alessandro-adamo-nel-consiglio-d-amministrazione\/","title":{"rendered":"LECCE \/ ALESSANDRO ADAMO NEL CONSIGLIO D&#8217; AMMINISTRAZIONE"},"content":{"rendered":"<p><img decoding=\"async\" loading=\"lazy\" width=\"300\" height=\"188\" title=\"lecce sport\" class=\"alignleft size-medium wp-image-10352\" alt=\"\" src=\"https:\/\/www.leccecronaca.it\/wordpress\/wp-content\/uploads\/2013\/02\/lecce-sport-300x188.jpg\" srcset=\"https:\/\/www.leccecronaca.it\/wordpress\/wp-content\/uploads\/2013\/02\/lecce-sport-300x188.jpg 300w, https:\/\/www.leccecronaca.it\/wordpress\/wp-content\/uploads\/2013\/02\/lecce-sport.jpeg 778w\" sizes=\"(max-width: 300px) 100vw, 300px\" \/>(l.r.)____<\/p>\n<p>Novit\u00e0 in casa Lecce: si \u00e8 riunita questa mattina l&#8217;Assemblea dei Soci della societ\u00e0 giallorossa, che ha deliberato l&#8217;ingresso nel Consiglio d&#8217; Amministrazione del Dott. <strong>Alessandro Adamo<\/strong>, tifosissimo salentino, originario di Racale e gi\u00e0 azionista del club di Piazza Mazzini, in qualit\u00e0 di Consigliere.<\/p>\n<p>Il Consiglio d\u2019Amministrazione \u00e8 cos\u00ec composto:<\/p>\n<p><strong>Presidente<\/strong>: Ing. Enrico Tundo<\/p>\n<p><strong>Vice Presidenti<\/strong>: Prof. Stefano Adamo, Dott. Corrado Liguori<\/p>\n<p><strong>Consiglieri d&#8217;Amministrazione<\/strong>: Dott. Alessandro Adamo, Prof. Salvatore De Vitis, Dott. Paolo Del Brocco<\/p>\n<fb:like href='https:\/\/www.leccecronaca.it\/index.php\/2016\/03\/30\/lecce-alessandro-adamo-nel-consiglio-d-amministrazione\/' send='true' layout='button_count' show_faces='true' width='450' height='65' action='recommend' colorscheme='light' font='lucida grande'><\/fb:like><span class=\"fb_share\"><fb:like href=\"https:\/\/www.leccecronaca.it\/index.php\/2016\/03\/30\/lecce-alessandro-adamo-nel-consiglio-d-amministrazione\/\" layout=\"button_count\"><\/fb:like><\/span>","protected":false},"excerpt":{"rendered":"<p>(l.r.)____ Novit\u00e0 in casa Lecce: si \u00e8 riunita questa mattina l&#8217;Assemblea dei Soci della societ\u00e0 giallorossa, che ha deliberato l&#8217;ingresso nel Consiglio d&#8217; Amministrazione del Dott. Alessandro Adamo, tifosissimo salentino, originario di Racale e gi\u00e0 azionista del club di Piazza Mazzini, in qualit\u00e0 di Consigliere. Il Consiglio d\u2019Amministrazione \u00e8 cos\u00ec composto: Presidente: Ing. Enrico Tundo [&hellip;]<\/p>\n","protected":false},"author":4,"featured_media":0,"comment_status":"open","ping_status":"closed","sticky":false,"template":"","format":"standard","meta":[],"categories":[28],"tags":[],"_links":{"self":[{"href":"https:\/\/www.leccecronaca.it\/index.php\/wp-json\/wp\/v2\/posts\/79745"}],"collection":[{"href":"https:\/\/www.leccecronaca.it\/index.php\/wp-json\/wp\/v2\/posts"}],"about":[{"href":"https:\/\/www.leccecronaca.it\/index.php\/wp-json\/wp\/v2\/types\/post"}],"author":[{"embeddable":true,"href":"https:\/\/www.leccecronaca.it\/index.php\/wp-json\/wp\/v2\/users\/4"}],"replies":[{"embeddable":true,"href":"https:\/\/www.leccecronaca.it\/index.php\/wp-json\/wp\/v2\/comments?post=79745"}],"version-history":[{"count":2,"href":"https:\/\/www.leccecronaca.it\/index.php\/wp-json\/wp\/v2\/posts\/79745\/revisions"}],"predecessor-version":[{"id":79797,"href":"https:\/\/www.leccecronaca.it\/index.php\/wp-json\/wp\/v2\/posts\/79745\/revisions\/79797"}],"wp:attachment":[{"href":"https:\/\/www.leccecronaca.it\/index.php\/wp-json\/wp\/v2\/media?parent=79745"}],"wp:term":[{"taxonomy":"category","embeddable":true,"href":"https:\/\/www.leccecronaca.it\/index.php\/wp-json\/wp\/v2\/categories?post=79745"},{"taxonomy":"post_tag","embeddable":true,"href":"https:\/\/www.leccecronaca.it\/index.php\/wp-json\/wp\/v2\/tags?post=79745"}],"curies":[{"name":"wp","href":"https:\/\/api.w.org\/{rel}","templated":true}]}}