{"id":80007,"date":"2016-04-01T09:47:50","date_gmt":"2016-04-01T07:47:50","guid":{"rendered":"http:\/\/www.leccecronaca.it\/?p=80007"},"modified":"2016-04-01T20:34:04","modified_gmt":"2016-04-01T18:34:04","slug":"in-occasione-di-lecce-matera-salentini-in-campo-in-favore-di-ant","status":"publish","type":"post","link":"https:\/\/www.leccecronaca.it\/index.php\/2016\/04\/01\/in-occasione-di-lecce-matera-salentini-in-campo-in-favore-di-ant\/","title":{"rendered":"IN OCCASIONE DI LECCE-MATERA, SALENTINI IN CAMPO IN FAVORE DI &#8220;ANT&#8221;"},"content":{"rendered":"<p style=\"text-align: justify;\"><img decoding=\"async\" loading=\"lazy\" width=\"300\" height=\"139\" title=\"LOgo AnT\" class=\"alignleft size-medium wp-image-80008\" alt=\"\" src=\"https:\/\/www.leccecronaca.it\/wordpress\/wp-content\/uploads\/2016\/04\/LOgo-AnT-300x139.jpg\" \/>(l.r.)_____<\/p>\n<p style=\"text-align: justify;\">L\u2019U.S. Lecce scende in campo a favore della Fondazione ANT.<\/p>\n<p style=\"text-align: justify;\">In occasione della gara Lecce \u2013 Matera, prima dell\u2019inizio della gara, verr\u00e0 esposto a centrocampo lo striscione della Fondazione, che con i suoi volontari distribuir\u00e0 prima del\u2019inizio della partita del materiale informativo e sar\u00e0 presente con dei punti di raccolta, al triplice fischio dell\u2019arbitro, dove sar\u00e0 possibile offrire un contributo per sostenere il progetto di questa Onlus.<\/p>\n<p style=\"text-align: justify;\">La Fondazione ANT \u00e8 la pi\u00f9 ampia realt\u00e0 non profit in Italia per le attivit\u00e0 gratuite di assistenza sanitaria domiciliare ai malati oncologici. ANT \u00e8 impegnata, inoltre, in progetti di prevenzione oncologica su tutto il territorio nazionale con progetti gratuiti di diagnosi precoce. A Lecce la delegazione ANT nasce nel 2004; il gruppo Ospedale Domiciliare Oncologico \u00e8 formato da 5 medici, una psico-oncologa e 5 infermieri professionali ed ha assistito gratuitamente a domicilio oltre 3000 pazienti in tutto il territorio salentino.<\/p>\n<p style=\"text-align: justify;\">Le donazioni liberali di privati cittadini e aziende sostengono economicamente il lavoro del personale socio-sanitario e i progetti di prevenzione. L\u2019attivit\u00e0 di raccolta fondi su tutto il territorio nazionale \u00e8 molto impegnativa e continua e viene svolta tramite eventi locali e nazionali.<\/p>\n<fb:like href='https:\/\/www.leccecronaca.it\/index.php\/2016\/04\/01\/in-occasione-di-lecce-matera-salentini-in-campo-in-favore-di-ant\/' send='true' layout='button_count' show_faces='true' width='450' height='65' action='recommend' colorscheme='light' font='lucida grande'><\/fb:like><span class=\"fb_share\"><fb:like href=\"https:\/\/www.leccecronaca.it\/index.php\/2016\/04\/01\/in-occasione-di-lecce-matera-salentini-in-campo-in-favore-di-ant\/\" layout=\"button_count\"><\/fb:like><\/span>","protected":false},"excerpt":{"rendered":"<p>(l.r.)_____ L\u2019U.S. Lecce scende in campo a favore della Fondazione ANT. In occasione della gara Lecce \u2013 Matera, prima dell\u2019inizio della gara, verr\u00e0 esposto a centrocampo lo striscione della Fondazione, che con i suoi volontari distribuir\u00e0 prima del\u2019inizio della partita del materiale informativo e sar\u00e0 presente con dei punti di raccolta, al triplice fischio dell\u2019arbitro, [&hellip;]<\/p>\n","protected":false},"author":4,"featured_media":0,"comment_status":"open","ping_status":"closed","sticky":false,"template":"","format":"standard","meta":[],"categories":[28],"tags":[],"_links":{"self":[{"href":"https:\/\/www.leccecronaca.it\/index.php\/wp-json\/wp\/v2\/posts\/80007"}],"collection":[{"href":"https:\/\/www.leccecronaca.it\/index.php\/wp-json\/wp\/v2\/posts"}],"about":[{"href":"https:\/\/www.leccecronaca.it\/index.php\/wp-json\/wp\/v2\/types\/post"}],"author":[{"embeddable":true,"href":"https:\/\/www.leccecronaca.it\/index.php\/wp-json\/wp\/v2\/users\/4"}],"replies":[{"embeddable":true,"href":"https:\/\/www.leccecronaca.it\/index.php\/wp-json\/wp\/v2\/comments?post=80007"}],"version-history":[{"count":3,"href":"https:\/\/www.leccecronaca.it\/index.php\/wp-json\/wp\/v2\/posts\/80007\/revisions"}],"predecessor-version":[{"id":80050,"href":"https:\/\/www.leccecronaca.it\/index.php\/wp-json\/wp\/v2\/posts\/80007\/revisions\/80050"}],"wp:attachment":[{"href":"https:\/\/www.leccecronaca.it\/index.php\/wp-json\/wp\/v2\/media?parent=80007"}],"wp:term":[{"taxonomy":"category","embeddable":true,"href":"https:\/\/www.leccecronaca.it\/index.php\/wp-json\/wp\/v2\/categories?post=80007"},{"taxonomy":"post_tag","embeddable":true,"href":"https:\/\/www.leccecronaca.it\/index.php\/wp-json\/wp\/v2\/tags?post=80007"}],"curies":[{"name":"wp","href":"https:\/\/api.w.org\/{rel}","templated":true}]}}