{"id":80126,"date":"2016-04-02T14:50:33","date_gmt":"2016-04-02T12:50:33","guid":{"rendered":"http:\/\/www.leccecronaca.it\/?p=80126"},"modified":"2016-04-02T14:52:28","modified_gmt":"2016-04-02T12:52:28","slug":"coltivazione-della-canapa-ritorno-al-futuro","status":"publish","type":"post","link":"https:\/\/www.leccecronaca.it\/index.php\/2016\/04\/02\/coltivazione-della-canapa-ritorno-al-futuro\/","title":{"rendered":"COLTIVAZIONE DELLA CANAPA, RITORNO AL FUTURO"},"content":{"rendered":"<p><img decoding=\"async\" loading=\"lazy\" width=\"1024\" height=\"576\" title=\"CAC\" class=\"aligncenter size-large wp-image-80127\" alt=\"\" src=\"https:\/\/www.leccecronaca.it\/wordpress\/wp-content\/uploads\/2016\/04\/CAC-1024x576.jpg\" \/>Dalla &#8216;Casa delle agricolture Tullia e Gino&#8217; riceviamo e volentieri pubblichiamo______<\/p>\n<p>Sar\u00e0 Mario Capanna, agricoltore, presidente della Fondazione diritti genetici e animatore delle lotte del \u201968 italiano, a dare il via alla terza edizione di \u201cCanapa, ritorno al futuro\u201d, la semina collettiva della canapa industriale sui terreni strappati all\u2019abbandono.<\/p>\n<p>Appuntamento, dunque, domenica 3 aprile, a partire dalle ore 9 e fino al primo pomeriggio, in zona Curteddra, in via vecchia Lecce, a Castiglione d\u2019Otranto.<\/p>\n<p>Il lavoro di reintroduzione di questa coltivazione scomparsa da decenni nel Salento \u00e8 una tappa fondamentale del percorso di recupero della ruralit\u00e0 avviato dall\u2019associazione Casa delle Agriculture Tullia e Gino. A credere nella sfida anche il Comune di Andrano e il Parco naturale regionale Otranto-S.M. di Leuca, che hanno concesso il proprio patrocinio alla manifestazione.<\/p>\n<p>La giornata di semina sar\u00e0 anche l\u2019occasione per alimentare la partecipazione al referendum sulle trivellazioni di domenica 17 aprile. Durante i dialoghi, infatti, verr\u00e0 lanciato l\u2019appello a votare S\u00ec da parte di giuristi, attivisti e amministratori pubblici. La mobilitazione serve a bloccare il rinnovo di concessioni petrolifere entro le 12 miglia dalla costa, ma anche a rendere pi\u00f9 chiaro il messaggio di fondo: il destino dei nostri mari non pu\u00f2 essere quello di ospitare piattaforme di estrazione e non pu\u00f2 finire nelle mani di multinazionali.<\/p>\n<p>Programma. L\u2019appuntamento con la semina a mano \u00e8 fissato per le ore 9, in zona Curteddra, a Castiglione. Alle 11, tra gli ulivi, si terranno i dialoghi sul futuro della canapa e il recupero della biodiversit\u00e0 salentina. Dopo i saluti di Raffaele Colluto, assessore all\u2019Agricoltura e all\u2019Ambiente del Comune di Andrano, e di Rachele Invernizzi, proprietaria di South Hemp Tecno (il primo centro di trasformazione del Mezzogiorno), a confrontarsi saranno Mario Capanna, presidente della Fondazione diritti genetici; Nicola Grasso, docente di diritto costituzionale presso l\u2019Universit\u00e0 del Salento; Rocco Botrugno, attivista di Casa delle Agriculture. Alle ore 12,30, al via la tavolata contadina, con il pranzo a base di canapa e cibi locali. A seguire, il concerto dell\u2019orchestra dell\u2019integrazione, \u201cRapsodia di voci\u201d, diretta da Gaetano Fidanza, con la musica dei migranti ospiti dei centri Sprar del Salento.<\/p>\n<p>Le dichiarazioni di Mario Capanna per l\u2019occasione: \u00ab<em>Non esiste altra pianta<\/em> \u2013 spiega Mario Capanna \u2013<em> che abbia una cos\u00ec grande ricchezza di benefici come la canapa. Basta pensare agli apporti di Omega3 e Omega6 o al fatto che con le sue radici fissi l\u2019azoto dell\u2019aria nel terreno e si autofertilizzi. Anche la Costituzione americana \u00e8 scritta sulla canapa, visto che la carta che se ne trae \u00e8 incomparabilmente migliore di quella che si ricava dal legno. Pochi sanno che, fino agli anni \u201950, l\u2019Italia era il primo produttore europeo di canapa, un primato deperito a causa dell\u2019avanzata delle fibre sintetiche e del proibizionismo. Questo \u00e8 il momento della riscoperta. Io credo che la ripresa sistematica della coltivazione possa permettere all\u2019Italia di recuperare un ruolo strategico in campo agroalimentare\u00bb.<\/em><\/p>\n<p>Cos\u2019\u00e8 \u201cCanapa, ritorno al futuro\u201d. \u201cCanapa, ritorno al futuro\u201d \u00e8 la sfida che ogni anno viene lanciata sulla coltivazione di questa pianta nel Salento. I suoi semi vengono messi a dimora sui campi recuperati lungo il \u201cParco comune dei frutti minori\u201d, un parco periurbano creato dal basso due anni fa dai cittadini di Castiglione d\u2019Otranto attraverso la bonifica dei tratturi e la piantumazione di alberi da frutto in via d\u2019estinzione. L\u2019associazione Casa delle Agriculture Tullia e Gino sta provando a riscattare l\u2019avvenire delle campagne incolte, concesse dai proprietari agli attivisti con la formula del comodato d\u2019uso gratuito. L\u2019obiettivo \u00e8 sottrarre quei fondi a degrado, incendi, abuso di chimica e aggressioni edilizie attraverso la coltivazione di variet\u00e0 di antichi cereali, ortaggi, leguminose.<\/p>\n<p>La canapa, il miracolo della terra anche nel Salento.<\/p>\n<p>Il primo campo di sperimentazione della canapa nel Leccese \u00e8 sorto due anni fa a Castiglione d\u2019Otranto, grazie anche alla collaborazione del Comitato Notte Verde, di Assocanapa, South Hemp Tecno, Comune di Andrano e Parco regionale Otranto-S.M. di Leuca. \u00c8 stato quello l\u2019anno della svolta in tutta Italia, con oltre mille ettari coltivati e una produzione record di paglie, mentre il 2015 \u00e8 stato difficile in tutta Europa a causa delle condizioni meteo. La pianta \u00e8 considerata \u201cil maiale vegetale\u201d, perch\u00e9 di questa nulla si butta via: idonea per la produzione di tessuti, alimento ricco di propriet\u00e0 sulle tavole. Inoltre, \u00e8 materiale d\u2019avanguardia anche nella bioedilizia: assieme a Messapia Style, esecutrice progettuale, Casa delle Agriculture ha ideato e avviato lo scorso anno la costruzione della prima abitazione salentina in calce canapa, a Supersano.<\/p>\n<p>La pianta, poi, \u00e8 utilissima nella rotazione perch\u00e9 rigenera i terreni e li disinquina, grazie alle profonde radici nelle quali trattiene eventuali metalli pesanti. Per la sua crescita non ha bisogno di acqua, concimi e diserbanti e questo si sposa appieno con la battaglia contro i pesticidi avviata da Castiglione con la prima petizione italiana contro l\u2019uso di chimica in agricoltura.<\/p>\n<p>Per ulteriori informazioni, si pu\u00f2 chiamare il numero\u00a0348\/5649772<\/p>\n<fb:like href='https:\/\/www.leccecronaca.it\/index.php\/2016\/04\/02\/coltivazione-della-canapa-ritorno-al-futuro\/' send='true' layout='button_count' show_faces='true' width='450' height='65' action='recommend' colorscheme='light' font='lucida grande'><\/fb:like><span class=\"fb_share\"><fb:like href=\"https:\/\/www.leccecronaca.it\/index.php\/2016\/04\/02\/coltivazione-della-canapa-ritorno-al-futuro\/\" layout=\"button_count\"><\/fb:like><\/span>","protected":false},"excerpt":{"rendered":"<p>Dalla &#8216;Casa delle agricolture Tullia e Gino&#8217; riceviamo e volentieri pubblichiamo______ Sar\u00e0 Mario Capanna, agricoltore, presidente della Fondazione diritti genetici e animatore delle lotte del \u201968 italiano, a dare il via alla terza edizione di \u201cCanapa, ritorno al futuro\u201d, la semina collettiva della canapa industriale sui terreni strappati all\u2019abbandono. Appuntamento, dunque, domenica 3 aprile, a [&hellip;]<\/p>\n","protected":false},"author":4,"featured_media":80127,"comment_status":"open","ping_status":"closed","sticky":false,"template":"","format":"standard","meta":[],"categories":[36],"tags":[],"_links":{"self":[{"href":"https:\/\/www.leccecronaca.it\/index.php\/wp-json\/wp\/v2\/posts\/80126"}],"collection":[{"href":"https:\/\/www.leccecronaca.it\/index.php\/wp-json\/wp\/v2\/posts"}],"about":[{"href":"https:\/\/www.leccecronaca.it\/index.php\/wp-json\/wp\/v2\/types\/post"}],"author":[{"embeddable":true,"href":"https:\/\/www.leccecronaca.it\/index.php\/wp-json\/wp\/v2\/users\/4"}],"replies":[{"embeddable":true,"href":"https:\/\/www.leccecronaca.it\/index.php\/wp-json\/wp\/v2\/comments?post=80126"}],"version-history":[{"count":3,"href":"https:\/\/www.leccecronaca.it\/index.php\/wp-json\/wp\/v2\/posts\/80126\/revisions"}],"predecessor-version":[{"id":80129,"href":"https:\/\/www.leccecronaca.it\/index.php\/wp-json\/wp\/v2\/posts\/80126\/revisions\/80129"}],"wp:featuredmedia":[{"embeddable":true,"href":"https:\/\/www.leccecronaca.it\/index.php\/wp-json\/wp\/v2\/media\/80127"}],"wp:attachment":[{"href":"https:\/\/www.leccecronaca.it\/index.php\/wp-json\/wp\/v2\/media?parent=80126"}],"wp:term":[{"taxonomy":"category","embeddable":true,"href":"https:\/\/www.leccecronaca.it\/index.php\/wp-json\/wp\/v2\/categories?post=80126"},{"taxonomy":"post_tag","embeddable":true,"href":"https:\/\/www.leccecronaca.it\/index.php\/wp-json\/wp\/v2\/tags?post=80126"}],"curies":[{"name":"wp","href":"https:\/\/api.w.org\/{rel}","templated":true}]}}