{"id":80708,"date":"2016-04-08T00:06:56","date_gmt":"2016-04-07T22:06:56","guid":{"rendered":"http:\/\/www.leccecronaca.it\/?p=80708"},"modified":"2016-04-07T18:35:43","modified_gmt":"2016-04-07T16:35:43","slug":"diario-del-giorno-prima-il-tam-tam-di-annibale-36","status":"publish","type":"post","link":"https:\/\/www.leccecronaca.it\/index.php\/2016\/04\/08\/diario-del-giorno-prima-il-tam-tam-di-annibale-36\/","title":{"rendered":"DIARIO DEL GIORNO PRIMA \/ IL TAM TAM DI ANNIBALE"},"content":{"rendered":"<p>ITALIA______<\/p>\n<p><strong>POTENZA &#8211; <\/strong>La ex ministra Federica Guidi ha vuotato il sacco, mai mass media nazionali si \u00e8 dimostrata serena:<\/p>\n<p><em>&#8220;Vorrei prima di tutto ringraziare i magistrati per avermi dato la possibilit\u00e0 in tempi cos\u00ec brevi di chiarire questa vicenda cos\u00ec spiacevole per me. Ho risposto a tutte le loro domande. Dal punto di vista giuridico ho appreso definitivamente di essere persona offesa&#8221;.<\/em>\u00a0La Guidi non teme niente, si \u00e8 dimostrata<span style=\"font-size: 13px; line-height: 19px;\">\u00a0&#8220;serena e tranquilla&#8221; secondo testimoni vicini alla magistratura e ha risposto tranquillamente a tutte le domande. Certo quando toccher\u00e0 al compagno, l&#8217;imprenditore Gemelli, il grande accusato, ne sentiranno ti tutti i colori. Siamo solo all&#8217;inizio.<\/span><\/p>\n<p>ITALIA______<\/p>\n<p><strong>ROMA &#8211; <\/strong>Bruno Vespa l&#8217;ha fatta proprio grossa: intervista il figlio di Riina scatenando una bufera sulla Rai. L&#8217;azienda si schiera subito dalla parte del conduttore e conferma l&#8217;intervista senza nessun problema, ma dall&#8217;Antimafia la\u00a0<span style=\"font-size: 13px; line-height: 19px;\">Bindi attacca duranente. La Commissione parlamentare\u00a0Antimafia ha convocato ieri pomeriggio i vertici Rai, la presidente della Rai Monica Maggioni e il direttore generale Antonio Campo Dall&#8217;Orto, per una audizione urgente sulla scabrosa. L&#8217;intervista al figlio di Riina di ieri l&#8217;altro nella trasmissione Porta a Porta su Raiuno ha innescato una serie intensa di polemica nella parte sana del popolo italiano.<\/span><\/p>\n<p><img decoding=\"async\" loading=\"lazy\" src=\"https:\/\/www.leccecronaca.it\/wordpress\/wp-content\/uploads\/2016\/04\/0caeec8435f829c122d8289a3b44b665.jpg\" alt=\"\" title=\"combo per sito\" width=\"700\" height=\"494\" class=\"alignleft size-full wp-image-80710\" srcset=\"https:\/\/www.leccecronaca.it\/wordpress\/wp-content\/uploads\/2016\/04\/0caeec8435f829c122d8289a3b44b665.jpg 700w, https:\/\/www.leccecronaca.it\/wordpress\/wp-content\/uploads\/2016\/04\/0caeec8435f829c122d8289a3b44b665-300x212.jpg 300w\" sizes=\"(max-width: 700px) 100vw, 700px\" \/>MONDO______<\/p>\n<p><strong>PANAMA &#8211; <\/strong>Panama Papers \u00e8 solo all&#8217;inizio della sua &#8220;mannaia&#8221;. Tra i cento nomi di spicco italiani coinvolti nell&#8217;inchiesta finanziaria balzano all&#8217;occhio tre nomi pesanti:\u00a0Barbara D&#8217;Urso, Carlo Verdone e lo stilista Valentino. I tre vip nostrani hanno trasportato capitali nel paradiso fiscali e risultano citati nell&#8217;archivio dello studio legale panamense &#8220;Mossack Fonseca&#8221;. L&#8217;Espresso ha anticipato questa dilagante fuga di notizie con una pubblicazione on line, e nel suo settimanale, in edicola domani, punta a far tremare molti personaggi &#8220;onorevoli&#8221; e non del nostro Bel Paese.<\/p>\n<fb:like href='https:\/\/www.leccecronaca.it\/index.php\/2016\/04\/08\/diario-del-giorno-prima-il-tam-tam-di-annibale-36\/' send='true' layout='button_count' show_faces='true' width='450' height='65' action='recommend' colorscheme='light' font='lucida grande'><\/fb:like><span class=\"fb_share\"><fb:like href=\"https:\/\/www.leccecronaca.it\/index.php\/2016\/04\/08\/diario-del-giorno-prima-il-tam-tam-di-annibale-36\/\" layout=\"button_count\"><\/fb:like><\/span>","protected":false},"excerpt":{"rendered":"<p>ITALIA______ POTENZA &#8211; La ex ministra Federica Guidi ha vuotato il sacco, mai mass media nazionali si \u00e8 dimostrata serena: &#8220;Vorrei prima di tutto ringraziare i magistrati per avermi dato la possibilit\u00e0 in tempi cos\u00ec brevi di chiarire questa vicenda cos\u00ec spiacevole per me. Ho risposto a tutte le loro domande. Dal punto di vista [&hellip;]<\/p>\n","protected":false},"author":4,"featured_media":80710,"comment_status":"open","ping_status":"closed","sticky":false,"template":"","format":"standard","meta":[],"categories":[1,69],"tags":[],"_links":{"self":[{"href":"https:\/\/www.leccecronaca.it\/index.php\/wp-json\/wp\/v2\/posts\/80708"}],"collection":[{"href":"https:\/\/www.leccecronaca.it\/index.php\/wp-json\/wp\/v2\/posts"}],"about":[{"href":"https:\/\/www.leccecronaca.it\/index.php\/wp-json\/wp\/v2\/types\/post"}],"author":[{"embeddable":true,"href":"https:\/\/www.leccecronaca.it\/index.php\/wp-json\/wp\/v2\/users\/4"}],"replies":[{"embeddable":true,"href":"https:\/\/www.leccecronaca.it\/index.php\/wp-json\/wp\/v2\/comments?post=80708"}],"version-history":[{"count":4,"href":"https:\/\/www.leccecronaca.it\/index.php\/wp-json\/wp\/v2\/posts\/80708\/revisions"}],"predecessor-version":[{"id":80765,"href":"https:\/\/www.leccecronaca.it\/index.php\/wp-json\/wp\/v2\/posts\/80708\/revisions\/80765"}],"wp:featuredmedia":[{"embeddable":true,"href":"https:\/\/www.leccecronaca.it\/index.php\/wp-json\/wp\/v2\/media\/80710"}],"wp:attachment":[{"href":"https:\/\/www.leccecronaca.it\/index.php\/wp-json\/wp\/v2\/media?parent=80708"}],"wp:term":[{"taxonomy":"category","embeddable":true,"href":"https:\/\/www.leccecronaca.it\/index.php\/wp-json\/wp\/v2\/categories?post=80708"},{"taxonomy":"post_tag","embeddable":true,"href":"https:\/\/www.leccecronaca.it\/index.php\/wp-json\/wp\/v2\/tags?post=80708"}],"curies":[{"name":"wp","href":"https:\/\/api.w.org\/{rel}","templated":true}]}}