{"id":80735,"date":"2016-04-08T00:10:00","date_gmt":"2016-04-07T22:10:00","guid":{"rendered":"http:\/\/www.leccecronaca.it\/?p=80735"},"modified":"2016-04-08T09:44:55","modified_gmt":"2016-04-08T07:44:55","slug":"diario-del-giorno-dopo-dibattiti-le-sorti-della-costituzione-della-repubblica-italiana-a-trepuzzi-sabato-9","status":"publish","type":"post","link":"https:\/\/www.leccecronaca.it\/index.php\/2016\/04\/08\/diario-del-giorno-dopo-dibattiti-le-sorti-della-costituzione-della-repubblica-italiana-a-trepuzzi-sabato-9\/","title":{"rendered":"DIARIO DEL GIORNO DOPO \/ DIBATTITI \/ LA COSTITUZIONE DELLA REPUBBLICA ITALIANA A TREPUZZI SABATO 9"},"content":{"rendered":"<p><img decoding=\"async\" loading=\"lazy\" width=\"300\" height=\"168\" title=\"maxresdefault\" class=\"alignleft size-medium wp-image-80736\" alt=\"\" src=\"https:\/\/www.leccecronaca.it\/wordpress\/wp-content\/uploads\/2016\/04\/maxresdefault1-300x168.jpg\" \/>Sabato 9 aprile, alle 18, a Trepuzzi, presso l&#8217; aula consiliare del Comune, ci sar\u00e0 un incontro &#8211; dibattito sul tema delle riforme costituzionali.<\/p>\n<p>Che ne sar\u00e0 della Costituzione, se la sovr\u00e0nit\u00e0 dei cittadini sar\u00e0 ridotta? Se le Regioni avranno meno poteri, che saranno accentrati dal governo? Se i senatori saranno s\u00ec ridotti a 100, ma non voteranno pi\u00f9 la fiducia al governo, e non saranno pi\u00f9 eletti dai cittadini, ma conserveranno l&#8217;immunit\u00e0 parlamentare? Se aumenter\u00e0 il numero delle le firme necessarie per la presentazione per le leggi di iniziativa popolare e per i referendum abrogativi?<\/p>\n<p>Cercheranno di rispondere a queste domande il professor Vincenzo Tondi Della Mura (nella foto), docente di diritto costituzionale dell&#8217;Universit\u00e0 del Salento; \u00a0l&#8217;avvocato Maurizio Buccarella, portavoce M5S al Senato; Vincenzo Serrat\u00ec, autore del libro &#8220;La Costituzione italiana in dialetto salentino&#8221;.<\/p>\n<p>Moderer\u00e0 l&#8217;incontro il giornalista\u00a0Antonio Soleti.<\/p>\n<p>&nbsp;<\/p>\n<fb:like href='https:\/\/www.leccecronaca.it\/index.php\/2016\/04\/08\/diario-del-giorno-dopo-dibattiti-le-sorti-della-costituzione-della-repubblica-italiana-a-trepuzzi-sabato-9\/' send='true' layout='button_count' show_faces='true' width='450' height='65' action='recommend' colorscheme='light' font='lucida grande'><\/fb:like><span class=\"fb_share\"><fb:like href=\"https:\/\/www.leccecronaca.it\/index.php\/2016\/04\/08\/diario-del-giorno-dopo-dibattiti-le-sorti-della-costituzione-della-repubblica-italiana-a-trepuzzi-sabato-9\/\" layout=\"button_count\"><\/fb:like><\/span>","protected":false},"excerpt":{"rendered":"<p>Sabato 9 aprile, alle 18, a Trepuzzi, presso l&#8217; aula consiliare del Comune, ci sar\u00e0 un incontro &#8211; dibattito sul tema delle riforme costituzionali. Che ne sar\u00e0 della Costituzione, se la sovr\u00e0nit\u00e0 dei cittadini sar\u00e0 ridotta? Se le Regioni avranno meno poteri, che saranno accentrati dal governo? Se i senatori saranno s\u00ec ridotti a 100, [&hellip;]<\/p>\n","protected":false},"author":4,"featured_media":80736,"comment_status":"open","ping_status":"closed","sticky":false,"template":"","format":"standard","meta":[],"categories":[75],"tags":[],"_links":{"self":[{"href":"https:\/\/www.leccecronaca.it\/index.php\/wp-json\/wp\/v2\/posts\/80735"}],"collection":[{"href":"https:\/\/www.leccecronaca.it\/index.php\/wp-json\/wp\/v2\/posts"}],"about":[{"href":"https:\/\/www.leccecronaca.it\/index.php\/wp-json\/wp\/v2\/types\/post"}],"author":[{"embeddable":true,"href":"https:\/\/www.leccecronaca.it\/index.php\/wp-json\/wp\/v2\/users\/4"}],"replies":[{"embeddable":true,"href":"https:\/\/www.leccecronaca.it\/index.php\/wp-json\/wp\/v2\/comments?post=80735"}],"version-history":[{"count":2,"href":"https:\/\/www.leccecronaca.it\/index.php\/wp-json\/wp\/v2\/posts\/80735\/revisions"}],"predecessor-version":[{"id":80780,"href":"https:\/\/www.leccecronaca.it\/index.php\/wp-json\/wp\/v2\/posts\/80735\/revisions\/80780"}],"wp:featuredmedia":[{"embeddable":true,"href":"https:\/\/www.leccecronaca.it\/index.php\/wp-json\/wp\/v2\/media\/80736"}],"wp:attachment":[{"href":"https:\/\/www.leccecronaca.it\/index.php\/wp-json\/wp\/v2\/media?parent=80735"}],"wp:term":[{"taxonomy":"category","embeddable":true,"href":"https:\/\/www.leccecronaca.it\/index.php\/wp-json\/wp\/v2\/categories?post=80735"},{"taxonomy":"post_tag","embeddable":true,"href":"https:\/\/www.leccecronaca.it\/index.php\/wp-json\/wp\/v2\/tags?post=80735"}],"curies":[{"name":"wp","href":"https:\/\/api.w.org\/{rel}","templated":true}]}}