{"id":80995,"date":"2016-04-10T00:08:26","date_gmt":"2016-04-09T22:08:26","guid":{"rendered":"http:\/\/www.leccecronaca.it\/?p=80995"},"modified":"2016-04-09T21:03:29","modified_gmt":"2016-04-09T19:03:29","slug":"diario-del-giorno-dopo-incontri-ferdinando-impostimato-a-lecce-lunedi-11","status":"publish","type":"post","link":"https:\/\/www.leccecronaca.it\/index.php\/2016\/04\/10\/diario-del-giorno-dopo-incontri-ferdinando-impostimato-a-lecce-lunedi-11\/","title":{"rendered":"DIARIO DEL GIORNO DOPO \/ INCONTRI \/ FERDINANDO IMPOSTIMATO A LECCE LUNEDI&#8217; 11"},"content":{"rendered":"<p><img decoding=\"async\" loading=\"lazy\" width=\"300\" height=\"201\" title=\"PRESENTAZIONE DEL LIBRO &quot;PAX MAFIOSA O GUERRA?&quot;\" class=\"alignleft size-medium wp-image-80996\" alt=\"\" src=\"https:\/\/www.leccecronaca.it\/wordpress\/wp-content\/uploads\/2016\/04\/ferdinando-imposimato-oscar-puddu-300x201.jpg\" srcset=\"https:\/\/www.leccecronaca.it\/wordpress\/wp-content\/uploads\/2016\/04\/ferdinando-imposimato-oscar-puddu-300x201.jpg 300w, https:\/\/www.leccecronaca.it\/wordpress\/wp-content\/uploads\/2016\/04\/ferdinando-imposimato-oscar-puddu-768x515.jpg 768w, https:\/\/www.leccecronaca.it\/wordpress\/wp-content\/uploads\/2016\/04\/ferdinando-imposimato-oscar-puddu.jpg 900w\" sizes=\"(max-width: 300px) 100vw, 300px\" \/>Luned\u00ec 11 aprile, alle 10.30, a Lecce, nell&#8217; aula magna della facolt\u00e0 di giurisprudenza dell&#8217; universit\u00e0 del Salento,\u00a0in via per Arnesano,\u00a0ci sar\u00e0 un incontro con l&#8217; ex magistrato Ferdinando Imposimato (nella foto), che parler\u00e0 sul tema &#8220;lotta al terrorismo e diritti fondamentali&#8221;.<\/p>\n<fb:like href='https:\/\/www.leccecronaca.it\/index.php\/2016\/04\/10\/diario-del-giorno-dopo-incontri-ferdinando-impostimato-a-lecce-lunedi-11\/' send='true' layout='button_count' show_faces='true' width='450' height='65' action='recommend' colorscheme='light' font='lucida grande'><\/fb:like><span class=\"fb_share\"><fb:like href=\"https:\/\/www.leccecronaca.it\/index.php\/2016\/04\/10\/diario-del-giorno-dopo-incontri-ferdinando-impostimato-a-lecce-lunedi-11\/\" layout=\"button_count\"><\/fb:like><\/span>","protected":false},"excerpt":{"rendered":"<p>Luned\u00ec 11 aprile, alle 10.30, a Lecce, nell&#8217; aula magna della facolt\u00e0 di giurisprudenza dell&#8217; universit\u00e0 del Salento,\u00a0in via per Arnesano,\u00a0ci sar\u00e0 un incontro con l&#8217; ex magistrato Ferdinando Imposimato (nella foto), che parler\u00e0 sul tema &#8220;lotta al terrorismo e diritti fondamentali&#8221;.<\/p>\n","protected":false},"author":4,"featured_media":80996,"comment_status":"open","ping_status":"closed","sticky":false,"template":"","format":"standard","meta":[],"categories":[75],"tags":[],"_links":{"self":[{"href":"https:\/\/www.leccecronaca.it\/index.php\/wp-json\/wp\/v2\/posts\/80995"}],"collection":[{"href":"https:\/\/www.leccecronaca.it\/index.php\/wp-json\/wp\/v2\/posts"}],"about":[{"href":"https:\/\/www.leccecronaca.it\/index.php\/wp-json\/wp\/v2\/types\/post"}],"author":[{"embeddable":true,"href":"https:\/\/www.leccecronaca.it\/index.php\/wp-json\/wp\/v2\/users\/4"}],"replies":[{"embeddable":true,"href":"https:\/\/www.leccecronaca.it\/index.php\/wp-json\/wp\/v2\/comments?post=80995"}],"version-history":[{"count":2,"href":"https:\/\/www.leccecronaca.it\/index.php\/wp-json\/wp\/v2\/posts\/80995\/revisions"}],"predecessor-version":[{"id":80998,"href":"https:\/\/www.leccecronaca.it\/index.php\/wp-json\/wp\/v2\/posts\/80995\/revisions\/80998"}],"wp:featuredmedia":[{"embeddable":true,"href":"https:\/\/www.leccecronaca.it\/index.php\/wp-json\/wp\/v2\/media\/80996"}],"wp:attachment":[{"href":"https:\/\/www.leccecronaca.it\/index.php\/wp-json\/wp\/v2\/media?parent=80995"}],"wp:term":[{"taxonomy":"category","embeddable":true,"href":"https:\/\/www.leccecronaca.it\/index.php\/wp-json\/wp\/v2\/categories?post=80995"},{"taxonomy":"post_tag","embeddable":true,"href":"https:\/\/www.leccecronaca.it\/index.php\/wp-json\/wp\/v2\/tags?post=80995"}],"curies":[{"name":"wp","href":"https:\/\/api.w.org\/{rel}","templated":true}]}}