{"id":81260,"date":"2016-04-13T11:53:11","date_gmt":"2016-04-13T09:53:11","guid":{"rendered":"http:\/\/www.leccecronaca.it\/?p=81260"},"modified":"2016-04-13T16:49:51","modified_gmt":"2016-04-13T14:49:51","slug":"ultima-ora-cade-dal-tetto-di-casa-muore-uomo-quarantenne-a-lequile-lecce","status":"publish","type":"post","link":"https:\/\/www.leccecronaca.it\/index.php\/2016\/04\/13\/ultima-ora-cade-dal-tetto-di-casa-muore-uomo-quarantenne-a-lequile-lecce\/","title":{"rendered":"ULTIMA ORA \/ CADE DAL TETTO DI CASA, MUORE UOMO QUARANTENNE A LEQUILE"},"content":{"rendered":"<p><img decoding=\"async\" loading=\"lazy\" width=\"300\" height=\"201\" title=\"62689-800x537\" class=\"alignleft size-medium wp-image-81262\" alt=\"\" src=\"https:\/\/www.leccecronaca.it\/wordpress\/wp-content\/uploads\/2016\/04\/62689-800x537-300x201.jpg\" srcset=\"https:\/\/www.leccecronaca.it\/wordpress\/wp-content\/uploads\/2016\/04\/62689-800x537-300x201.jpg 300w, https:\/\/www.leccecronaca.it\/wordpress\/wp-content\/uploads\/2016\/04\/62689-800x537-768x516.jpg 768w, https:\/\/www.leccecronaca.it\/wordpress\/wp-content\/uploads\/2016\/04\/62689-800x537.jpg 800w\" sizes=\"(max-width: 300px) 100vw, 300px\" \/>(g.a)______<br \/>\nTragedia stamattina a Lequile, dove un uomo \u00e8 precipitato dal proprio terrazzo di casa, per cause ancora sconosciute, ed \u00e8 morto sul colpo. La vittima Paolo Giordano \u00e8 un quarantenne originario del paesino leccese.<br \/>\nSono serviti a poco \u00a0i soccorsi tempestivi del 118, poich\u00e9 le lesioni ricevute dall&#8217;impatto col suolo sono state gravissime. I soccorritori hanno subito constatato la morte dell&#8217;uomo. La dinamica dell&#8217;accaduto \u00e8 tutta da chiarire e sulla tragica fatalit\u00e0 stanno indagando i carabinieri.<\/p>\n<fb:like href='https:\/\/www.leccecronaca.it\/index.php\/2016\/04\/13\/ultima-ora-cade-dal-tetto-di-casa-muore-uomo-quarantenne-a-lequile-lecce\/' send='true' layout='button_count' show_faces='true' width='450' height='65' action='recommend' colorscheme='light' font='lucida grande'><\/fb:like><span class=\"fb_share\"><fb:like href=\"https:\/\/www.leccecronaca.it\/index.php\/2016\/04\/13\/ultima-ora-cade-dal-tetto-di-casa-muore-uomo-quarantenne-a-lequile-lecce\/\" layout=\"button_count\"><\/fb:like><\/span>","protected":false},"excerpt":{"rendered":"<p>(g.a)______ Tragedia stamattina a Lequile, dove un uomo \u00e8 precipitato dal proprio terrazzo di casa, per cause ancora sconosciute, ed \u00e8 morto sul colpo. La vittima Paolo Giordano \u00e8 un quarantenne originario del paesino leccese. Sono serviti a poco \u00a0i soccorsi tempestivi del 118, poich\u00e9 le lesioni ricevute dall&#8217;impatto col suolo sono state gravissime. I [&hellip;]<\/p>\n","protected":false},"author":4,"featured_media":81262,"comment_status":"open","ping_status":"closed","sticky":false,"template":"","format":"standard","meta":[],"categories":[69],"tags":[],"_links":{"self":[{"href":"https:\/\/www.leccecronaca.it\/index.php\/wp-json\/wp\/v2\/posts\/81260"}],"collection":[{"href":"https:\/\/www.leccecronaca.it\/index.php\/wp-json\/wp\/v2\/posts"}],"about":[{"href":"https:\/\/www.leccecronaca.it\/index.php\/wp-json\/wp\/v2\/types\/post"}],"author":[{"embeddable":true,"href":"https:\/\/www.leccecronaca.it\/index.php\/wp-json\/wp\/v2\/users\/4"}],"replies":[{"embeddable":true,"href":"https:\/\/www.leccecronaca.it\/index.php\/wp-json\/wp\/v2\/comments?post=81260"}],"version-history":[{"count":10,"href":"https:\/\/www.leccecronaca.it\/index.php\/wp-json\/wp\/v2\/posts\/81260\/revisions"}],"predecessor-version":[{"id":81311,"href":"https:\/\/www.leccecronaca.it\/index.php\/wp-json\/wp\/v2\/posts\/81260\/revisions\/81311"}],"wp:featuredmedia":[{"embeddable":true,"href":"https:\/\/www.leccecronaca.it\/index.php\/wp-json\/wp\/v2\/media\/81262"}],"wp:attachment":[{"href":"https:\/\/www.leccecronaca.it\/index.php\/wp-json\/wp\/v2\/media?parent=81260"}],"wp:term":[{"taxonomy":"category","embeddable":true,"href":"https:\/\/www.leccecronaca.it\/index.php\/wp-json\/wp\/v2\/categories?post=81260"},{"taxonomy":"post_tag","embeddable":true,"href":"https:\/\/www.leccecronaca.it\/index.php\/wp-json\/wp\/v2\/tags?post=81260"}],"curies":[{"name":"wp","href":"https:\/\/api.w.org\/{rel}","templated":true}]}}