{"id":81972,"date":"2016-04-20T00:08:48","date_gmt":"2016-04-19T22:08:48","guid":{"rendered":"http:\/\/www.leccecronaca.it\/?p=81972"},"modified":"2016-04-20T13:25:52","modified_gmt":"2016-04-20T11:25:52","slug":"diario-del-giorno-dopo-incontri-il-segretario-nazionale-della-uil-carmelo-barbagallo-a-lecce-giovedi-21","status":"publish","type":"post","link":"https:\/\/www.leccecronaca.it\/index.php\/2016\/04\/20\/diario-del-giorno-dopo-incontri-il-segretario-nazionale-della-uil-carmelo-barbagallo-a-lecce-giovedi-21\/","title":{"rendered":"DIARIO DEL GIORNO DOPO \/ MANIFESTAZIONI \/ IL SEGRETARIO NAZIONALE DELLA UIL CARMELO BARBAGALLO IN DUE INCONTRI A LECCE GIOVEDI&#8217; 21"},"content":{"rendered":"<p><img decoding=\"async\" loading=\"lazy\" width=\"488\" height=\"308\" title=\"segrgen-image-barbagallo1\" class=\"alignleft size-full wp-image-81973\" alt=\"\" src=\"https:\/\/www.leccecronaca.it\/wordpress\/wp-content\/uploads\/2016\/04\/segrgen-image-barbagallo1.jpg\" srcset=\"https:\/\/www.leccecronaca.it\/wordpress\/wp-content\/uploads\/2016\/04\/segrgen-image-barbagallo1.jpg 488w, https:\/\/www.leccecronaca.it\/wordpress\/wp-content\/uploads\/2016\/04\/segrgen-image-barbagallo1-300x189.jpg 300w\" sizes=\"(max-width: 488px) 100vw, 488px\" \/>Gioved\u00ec 21 Aprile, alle 9.30, a Lecce, nella sala convegni dell\u2019hotel Tiziano, in via Porta d&#8217; Europa, il segretario nazionale della Uil Carmelo Barbagallo sar\u00e0 sar\u00e0 ospite del convegno \u201c<em>Sviluppo, efficienza e solidariet\u00e0. Lavoro e pensioni oggi e domani<\/em>\u201d organizzato dalla Uil di Lecce.<\/p>\n<p>Nel pomeriggio, alle 14.30, il segretario Barbagallo sar\u00e0 invece all\u2019Universit\u00e0 del Salento, nella sede della facolt\u00e0 di Giurisprudenza (complesso Ecotekne, via per Monteroni) per incontrare gli studenti e parlare di \u201c<em>Rappresentanza sindacale e futuro della contrattazione collettiva<\/em>\u201d nel corso del seminario organizzato dalle cattedre di Diritto del lavoro della facolt\u00e0.<\/p>\n<p>\u201c<em>La nostra visione della societ\u00e0<\/em> \u2013 ha spiega il segretario generale della Uil di Lecce Salvatore Giannetto, nell&#8217; annunciare questi appuntamenti\u00a0&#8211; <em>sta proprio nella sfida di coniugare efficienza e solidariet\u00e0 attraverso grandi investimenti pubblici ed uno stato sociale che abbia strumenti efficaci nazionali, territoriali ed aziendali. I contenuti dei contratti gi\u00e0 rinnovati, la piattaforma unitaria per una contrattazione modellata su produttivit\u00e0 e welfare aziendale, la semplificazione dei procedimenti amministrativi sono le vie maestre che come Uil continueremo a percorrere. Un disegno alternativo alla desertificazione produttiva che allontana soprattutto il Sud d\u2019Italia dal resto del Paese e d\u2019Europa. <\/em><em>La presenza a Lecce del segretario generale Uil, Carmelo Barbagallo, consentir\u00e0 di avviare una discussione approfondita sui grandi temi che attanagliano la vita di tanti salentini: lavoro (che non c\u2019\u00e8), contrattazione, pensioni, crisi economica, giovani e sviluppo.<\/em><\/p>\n<p>E ha poi cos\u00ec proseguito, nella sua dichiarazione: <em>&#8220;Sul nostro territorio la disoccupazione giovanile \u00e8 al 55% e quella femminile al 60%. Giovani di et\u00e0 compresa tra i 18 e i 40 anni, un\u2019intera generazione che non conosce cos\u2019\u00e8 il lavoro. La nostra provincia rischia di perdere le sue vocazioni manifatturiere e di non riuscire ad attrarre nuovi investimenti che pure caratterizzano anche altri territori limitrofi al nostro, come Brindisi nel settore aereonautico o Taranto nell\u2019ambito della logistica portuale. <\/em><\/p>\n<p><em>Lecce sembra drammaticamente ferma al palo delle sue crisi industriali, dal Tac ad alcune aziende metalmeccaniche come la Omfesa, dalla Bat al blocco dei cantieri pubblici di importanti arterie stradali, ad un\u2019agricoltura stretta tra insidie ambientali come la malattia degli ulivi e la burocrazia europea. Per non parlare della crisi delle ferrovie Sud-Est o della situazione delle societ\u00e0 partecipate e dell\u2019orchestra della Provincia. E questo solo per fare alcuni esempi. <\/em><\/p>\n<p><em>Questo scenario non \u00e8 solo il risultato della crisi, ma su di essa s\u2019innestano responsabilit\u00e0 di una parte della classe dirigente locale imprenditoriale e politica incapace di un disegno generale che apra il territorio a nuovi investimenti per le realt\u00e0 produttive esistenti, ma anche ad investitori esterni.\u00a0<\/em><\/p>\n<p><em>La Uil della provincia di Lecce non si rassegna ad un futuro di \u201caffittacamere\u201d al posto di una vera organizzazione distrettuale del crescente turismo che da anni interessa il Salento. Come pure riteniamo prioritaria un\u2019attenzione adeguata ad un progetto complessivo della nostra provincia culturalmente ed economicamente la proietti in Europa e nel Mediterraneo, attraverso l\u2019Universit\u00e0 e le forze attive organizzate. <\/em><\/p>\n<p><em>Unitamente alla Cisl ed alla Cgil, abbiamo fatto accordi e protocolli con le parti datoriali ed istituzionali, per favorire un ambiente sociale ed economico aperto alle sfide che il presente ci impone. Per proseguire questo lavoro non abbiamo bisogno di incontrare qualche principe illuminato o di individualismi campanilistici, ma di una forte capacit\u00e0 progettuale unitaria, della quale la nostra grande organizzazione \u00e8 parte indispensabile, per ridare speranze concrete di una vita migliore anche alla nostra gente&#8221;.<\/em><\/p>\n<p>&nbsp;<\/p>\n<p>&nbsp;<\/p>\n<fb:like href='https:\/\/www.leccecronaca.it\/index.php\/2016\/04\/20\/diario-del-giorno-dopo-incontri-il-segretario-nazionale-della-uil-carmelo-barbagallo-a-lecce-giovedi-21\/' send='true' layout='button_count' show_faces='true' width='450' height='65' action='recommend' colorscheme='light' font='lucida grande'><\/fb:like><span class=\"fb_share\"><fb:like href=\"https:\/\/www.leccecronaca.it\/index.php\/2016\/04\/20\/diario-del-giorno-dopo-incontri-il-segretario-nazionale-della-uil-carmelo-barbagallo-a-lecce-giovedi-21\/\" layout=\"button_count\"><\/fb:like><\/span>","protected":false},"excerpt":{"rendered":"<p>Gioved\u00ec 21 Aprile, alle 9.30, a Lecce, nella sala convegni dell\u2019hotel Tiziano, in via Porta d&#8217; Europa, il segretario nazionale della Uil Carmelo Barbagallo sar\u00e0 sar\u00e0 ospite del convegno \u201cSviluppo, efficienza e solidariet\u00e0. Lavoro e pensioni oggi e domani\u201d organizzato dalla Uil di Lecce. Nel pomeriggio, alle 14.30, il segretario Barbagallo sar\u00e0 invece all\u2019Universit\u00e0 del [&hellip;]<\/p>\n","protected":false},"author":4,"featured_media":81973,"comment_status":"open","ping_status":"closed","sticky":false,"template":"","format":"standard","meta":[],"categories":[75,76],"tags":[],"_links":{"self":[{"href":"https:\/\/www.leccecronaca.it\/index.php\/wp-json\/wp\/v2\/posts\/81972"}],"collection":[{"href":"https:\/\/www.leccecronaca.it\/index.php\/wp-json\/wp\/v2\/posts"}],"about":[{"href":"https:\/\/www.leccecronaca.it\/index.php\/wp-json\/wp\/v2\/types\/post"}],"author":[{"embeddable":true,"href":"https:\/\/www.leccecronaca.it\/index.php\/wp-json\/wp\/v2\/users\/4"}],"replies":[{"embeddable":true,"href":"https:\/\/www.leccecronaca.it\/index.php\/wp-json\/wp\/v2\/comments?post=81972"}],"version-history":[{"count":3,"href":"https:\/\/www.leccecronaca.it\/index.php\/wp-json\/wp\/v2\/posts\/81972\/revisions"}],"predecessor-version":[{"id":82183,"href":"https:\/\/www.leccecronaca.it\/index.php\/wp-json\/wp\/v2\/posts\/81972\/revisions\/82183"}],"wp:featuredmedia":[{"embeddable":true,"href":"https:\/\/www.leccecronaca.it\/index.php\/wp-json\/wp\/v2\/media\/81973"}],"wp:attachment":[{"href":"https:\/\/www.leccecronaca.it\/index.php\/wp-json\/wp\/v2\/media?parent=81972"}],"wp:term":[{"taxonomy":"category","embeddable":true,"href":"https:\/\/www.leccecronaca.it\/index.php\/wp-json\/wp\/v2\/categories?post=81972"},{"taxonomy":"post_tag","embeddable":true,"href":"https:\/\/www.leccecronaca.it\/index.php\/wp-json\/wp\/v2\/tags?post=81972"}],"curies":[{"name":"wp","href":"https:\/\/api.w.org\/{rel}","templated":true}]}}