{"id":81994,"date":"2016-04-18T02:20:10","date_gmt":"2016-04-18T00:20:10","guid":{"rendered":"http:\/\/www.leccecronaca.it\/?p=81994"},"modified":"2016-04-19T17:07:55","modified_gmt":"2016-04-19T15:07:55","slug":"case-popolari-senz-acqua-in-tutto-il-salento","status":"publish","type":"post","link":"https:\/\/www.leccecronaca.it\/index.php\/2016\/04\/18\/case-popolari-senz-acqua-in-tutto-il-salento\/","title":{"rendered":"CASE POPOLARI SENZ&#8217; ACQUA IN TUTTO IL SALENTO"},"content":{"rendered":"<p><img decoding=\"async\" loading=\"lazy\" width=\"800\" height=\"480\" title=\"viale-europea-2-gallipoli\" class=\"alignleft size-full wp-image-81995\" alt=\"\" src=\"https:\/\/www.leccecronaca.it\/wordpress\/wp-content\/uploads\/2016\/04\/viale-europea-2-gallipoli.jpg\" srcset=\"https:\/\/www.leccecronaca.it\/wordpress\/wp-content\/uploads\/2016\/04\/viale-europea-2-gallipoli.jpg 800w, https:\/\/www.leccecronaca.it\/wordpress\/wp-content\/uploads\/2016\/04\/viale-europea-2-gallipoli-300x180.jpg 300w, https:\/\/www.leccecronaca.it\/wordpress\/wp-content\/uploads\/2016\/04\/viale-europea-2-gallipoli-768x461.jpg 768w\" sizes=\"(max-width: 800px) 100vw, 800px\" \/>Riceviamo e volentieri pubblichiamo. Da Bari il consigliere regionale del Movimento 5 Stele Cristian Casili ci scrive______<\/p>\n<p>Il caso del cittadino di Nard\u00f2 che ha messo a disposizione una &#8220;cisterna mobile&#8221; a beneficio dei cond\u00f2mini di due palazzine di Piazza Achille Grandi, private dell&#8217;acqua da Aqp, \u00e8 l&#8217;ennesimo esempio di buone pratiche messe in campo da singoli cittadini che molto hanno da insegnare a politica e istituzioni lente o inconcludenti.<\/p>\n<p>Nello specifico del territorio il quadro generale per la provincia di Lecce \u00e8 preoccupante e in molti condomini ex IACP verr\u00e0 interrotta la fornitura di acqua.<\/p>\n<p>In presenza di un&#8217;emergenza cos\u00ec pressante, la scorsa settimana ho incontrato i vertici di Arca Sud, nella persona del nuovo commissario l&#8217;Avv. Vito Bruno, con il quale si sono valutate alcune ipotesi di intervento. Ogni misura, comunque, non pu\u00f2 prescindere da una considerazione doverosa: il taglio indiscriminato di una risorsa primaria come l&#8217;acqua \u00e8 un provvedimento non tollerabile per una comunit\u00e0 che intenda dirsi civile; anche perch\u00e9 le conseguenze di morosit\u00e0, e la presa in carico tangibile di chi \u00e8 moroso incolpevolmente, non possono abbattersi su soggetti tra i pi\u00f9 deboli (bambini, anziani, disabili&#8230;) e sul lavoro degli amministratori di condominio.<\/p>\n<p>Per questo chieder\u00f2 un&#8217;audizione urgente agli assessori Negro e Curcuruto, perch\u00e9 Aqp e Arca Sud vengano convocati affinch\u00e9 la Regione trovi una soluzione immediata per risolvere l&#8217;emergenza.\u201d<\/p>\n<p>&nbsp;<\/p>\n<p>&nbsp;<\/p>\n<fb:like href='https:\/\/www.leccecronaca.it\/index.php\/2016\/04\/18\/case-popolari-senz-acqua-in-tutto-il-salento\/' send='true' layout='button_count' show_faces='true' width='450' height='65' action='recommend' colorscheme='light' font='lucida grande'><\/fb:like><span class=\"fb_share\"><fb:like href=\"https:\/\/www.leccecronaca.it\/index.php\/2016\/04\/18\/case-popolari-senz-acqua-in-tutto-il-salento\/\" layout=\"button_count\"><\/fb:like><\/span>","protected":false},"excerpt":{"rendered":"<p>Riceviamo e volentieri pubblichiamo. Da Bari il consigliere regionale del Movimento 5 Stele Cristian Casili ci scrive______ Il caso del cittadino di Nard\u00f2 che ha messo a disposizione una &#8220;cisterna mobile&#8221; a beneficio dei cond\u00f2mini di due palazzine di Piazza Achille Grandi, private dell&#8217;acqua da Aqp, \u00e8 l&#8217;ennesimo esempio di buone pratiche messe in campo [&hellip;]<\/p>\n","protected":false},"author":4,"featured_media":81995,"comment_status":"open","ping_status":"closed","sticky":false,"template":"","format":"standard","meta":[],"categories":[36],"tags":[],"_links":{"self":[{"href":"https:\/\/www.leccecronaca.it\/index.php\/wp-json\/wp\/v2\/posts\/81994"}],"collection":[{"href":"https:\/\/www.leccecronaca.it\/index.php\/wp-json\/wp\/v2\/posts"}],"about":[{"href":"https:\/\/www.leccecronaca.it\/index.php\/wp-json\/wp\/v2\/types\/post"}],"author":[{"embeddable":true,"href":"https:\/\/www.leccecronaca.it\/index.php\/wp-json\/wp\/v2\/users\/4"}],"replies":[{"embeddable":true,"href":"https:\/\/www.leccecronaca.it\/index.php\/wp-json\/wp\/v2\/comments?post=81994"}],"version-history":[{"count":3,"href":"https:\/\/www.leccecronaca.it\/index.php\/wp-json\/wp\/v2\/posts\/81994\/revisions"}],"predecessor-version":[{"id":81997,"href":"https:\/\/www.leccecronaca.it\/index.php\/wp-json\/wp\/v2\/posts\/81994\/revisions\/81997"}],"wp:featuredmedia":[{"embeddable":true,"href":"https:\/\/www.leccecronaca.it\/index.php\/wp-json\/wp\/v2\/media\/81995"}],"wp:attachment":[{"href":"https:\/\/www.leccecronaca.it\/index.php\/wp-json\/wp\/v2\/media?parent=81994"}],"wp:term":[{"taxonomy":"category","embeddable":true,"href":"https:\/\/www.leccecronaca.it\/index.php\/wp-json\/wp\/v2\/categories?post=81994"},{"taxonomy":"post_tag","embeddable":true,"href":"https:\/\/www.leccecronaca.it\/index.php\/wp-json\/wp\/v2\/tags?post=81994"}],"curies":[{"name":"wp","href":"https:\/\/api.w.org\/{rel}","templated":true}]}}