{"id":82041,"date":"2016-04-19T07:01:20","date_gmt":"2016-04-19T05:01:20","guid":{"rendered":"http:\/\/www.leccecronaca.it\/?p=82041"},"modified":"2016-04-20T13:34:50","modified_gmt":"2016-04-20T11:34:50","slug":"dallocchio-al-cuore-speciale-festival-del-cinema-europeo-con-asino-vola-linaugurazione-incensata-da-lino-banfi-e-mariagrazia-cucinotta","status":"publish","type":"post","link":"https:\/\/www.leccecronaca.it\/index.php\/2016\/04\/19\/dallocchio-al-cuore-speciale-festival-del-cinema-europeo-con-asino-vola-linaugurazione-incensata-da-lino-banfi-e-mariagrazia-cucinotta\/","title":{"rendered":"DIARIO DEL FESTIVAL DEL CINEMA EUROPEO DI LECCE \/ DALL&#8217; OCCHIO AL CUORE \/ CON &#8220;ASINO VOLA&#8221; L&#8217;INAUGURAZIONE, INCENSATA DA LINO BANFI E MARIAGRAZIA CUCINOTTA"},"content":{"rendered":"<p><strong>di Annibale Gagliani______<\/strong><\/p>\n<p>Si respira una brezza\u00a0frizzante in questa Lecce che ha ripescato dall&#8217;armadio polveroso lo smoking bianco delle occasioni irripetibili. Centro gravitazionale di feelings, sfumature europee e fotogrammi sognanti \u00e8 un occhio, quello purple style del diciassettesimo Festival del Cinema Europeo.<\/p>\n<p><img decoding=\"async\" loading=\"lazy\" width=\"1024\" height=\"576\" title=\"20160418_210636\" class=\"aligncenter size-large wp-image-82065\" alt=\"\" src=\"https:\/\/www.leccecronaca.it\/wordpress\/wp-content\/uploads\/2016\/04\/20160418_210636-1024x576.jpg\" srcset=\"https:\/\/www.leccecronaca.it\/wordpress\/wp-content\/uploads\/2016\/04\/20160418_210636-1024x576.jpg 1024w, https:\/\/www.leccecronaca.it\/wordpress\/wp-content\/uploads\/2016\/04\/20160418_210636-300x169.jpg 300w, https:\/\/www.leccecronaca.it\/wordpress\/wp-content\/uploads\/2016\/04\/20160418_210636-768x432.jpg 768w, https:\/\/www.leccecronaca.it\/wordpress\/wp-content\/uploads\/2016\/04\/20160418_210636-1536x864.jpg 1536w, https:\/\/www.leccecronaca.it\/wordpress\/wp-content\/uploads\/2016\/04\/20160418_210636-2048x1152.jpg 2048w\" sizes=\"(max-width: 1024px) 100vw, 1024px\" \/><\/p>\n<p>L&#8217;inaugurazione \u00e8 stata notevolmente\u00a0apprezzata dalla cr\u00e8me\u00a0produttiva della\u00a0ville, e ci\u00f2 non era affatto scontato.\u00a0Ha\u00a0influito\u00a0la\u00a0vicinanza immancabile del Sindaco Paolo Perrone e dell&#8217;Assessore regionale Loredana Capone.\u00a0Ha esilarato e stimolato la premiazione con l&#8217;Ulivo d&#8217;oro alla carriera di un &#8220;accultureto&#8221; Lino Banfi&#8221; e la presenza sensuale di una sempre verde Mariagrazia Cucinotta.<\/p>\n<p><img decoding=\"async\" loading=\"lazy\" width=\"1024\" height=\"576\" title=\"20160418_205033\" class=\"aligncenter size-large wp-image-82068\" alt=\"\" src=\"https:\/\/www.leccecronaca.it\/wordpress\/wp-content\/uploads\/2016\/04\/20160418_205033-1024x576.jpg\" srcset=\"https:\/\/www.leccecronaca.it\/wordpress\/wp-content\/uploads\/2016\/04\/20160418_205033-1024x576.jpg 1024w, https:\/\/www.leccecronaca.it\/wordpress\/wp-content\/uploads\/2016\/04\/20160418_205033-300x169.jpg 300w, https:\/\/www.leccecronaca.it\/wordpress\/wp-content\/uploads\/2016\/04\/20160418_205033-768x432.jpg 768w, https:\/\/www.leccecronaca.it\/wordpress\/wp-content\/uploads\/2016\/04\/20160418_205033-1536x864.jpg 1536w, https:\/\/www.leccecronaca.it\/wordpress\/wp-content\/uploads\/2016\/04\/20160418_205033-2048x1152.jpg 2048w\" sizes=\"(max-width: 1024px) 100vw, 1024px\" \/><\/p>\n<p>&nbsp;<\/p>\n<p>Per\u00f2 c&#8217;\u00e8 ben\u00a0altro\u00a0nella notte distesa del Cinema Massimo,\u00a0sicuramente il caloroso successo \u00e8 racchiuso in due semplici parole: Asino Vola.<\/p>\n<p>Parlo della pellicola d&#8217;apertura del Festival ideata e diretta da una strana ma\u00a0vincente coppia: Paolo Tripodi e Marcello Fonte. La produzione cinematografica\u00a0ha visto l&#8217;unione\u00a0dell&#8217;opera di\u00a0Tempesta Film\u00a0assieme Rai Cinema.<\/p>\n<p>Il film \u00e8 di non complicata lettura, fatto in casa e con un cast di buon livello. La storia \u00e8 affettuosa, struggente e melodiosa. Si narrano le peripezie di Maurizio, piccola peste che combina guai come fosse folgore in cielo. Lui, la sua famiglia e i suoi amichetti del cuore, il saggio asinello Mos\u00e9 (doppiato da Lino Banfi) e la dispettosa gallina Angiulina (doppiata da Mariagrazia Cucinotta), vivono in un paesino sperduto di una Calabria dissanguata da problemi sociali mastodontici.<\/p>\n<p>La guizzante peste ha un sogno chiuso a doppia mandata dalla madre integerrima in un cassetto fragile: imparare la musica. Purtroppo poter imparare uno strumento musicale e seguire regolarmente i corsi ha un costo proibitivo per quella famiglia disastrata, ma Maurizio non demorder\u00e0 tanto facilmente.<\/p>\n<p>Con l&#8217;aiuto del maestro della banda comunale e di altri personaggi che illuminano la sua caverna recondita, il desiderio di suonare dinanzi ai suoi compaesani per le celebrazioni della festa patronale si avvicina sempre di pi\u00f9, fino a diventare realt\u00e0. Anche la severissima madre capir\u00e0 che la strada del suo fulmineo bambino \u00e8 lontana da quelle brutture sociali e proiettata fortemente su un binario strabiliante chiamato musica.<\/p>\n<p><img decoding=\"async\" loading=\"lazy\" width=\"463\" height=\"655\" title=\"asino_vola_poster_int\" class=\"aligncenter size-full wp-image-82069\" alt=\"\" src=\"https:\/\/www.leccecronaca.it\/wordpress\/wp-content\/uploads\/2016\/04\/asino_vola_poster_int.jpg\" srcset=\"https:\/\/www.leccecronaca.it\/wordpress\/wp-content\/uploads\/2016\/04\/asino_vola_poster_int.jpg 463w, https:\/\/www.leccecronaca.it\/wordpress\/wp-content\/uploads\/2016\/04\/asino_vola_poster_int-212x300.jpg 212w\" sizes=\"(max-width: 463px) 100vw, 463px\" \/><\/p>\n<p>Il finale \u00e8 da vivere tutto d&#8217;un fiato, non perch\u00e9 lasci il forte impatto sul muso come un kolossal, ma perch\u00e9 riesce a far commuovere con poco. Il racconto di una realt\u00e0 mai estinta nel Bel Paese, quella dei borghi accecati dalle profonde difficolt\u00e0, \u00e8 pacato e intenso. Il film non intende offendere nessuno, anzi vuole rappresentare un plauso leale a tutti coloro che partono dalla &#8220;fine dell&#8217;Italia&#8221; per conquistarsi un luccicante angolo di paradiso nel mondo.<\/p>\n<p>Il messaggio\u00a0\u00e8 ultra-positivo, la pellicola davvero piacevole, i protagonisti Francesco Tramontana (sorprendente) e Luigi Lo Cascio (puntuale e maturo) ben armonizzati nella trama.\u00a0Curiosa \u00e8 stata anche la quadrupla interpretazione di Marcello Fonte, che\u00a0inscenato il padre di Maurizio, un veterano percussionista, l&#8217;ex capobanda del paesino e un balordo di campagna.<\/p>\n<p>Tutto il canovaccio ruota attorno a due simboli carichi di sensibilit\u00e0 e passione: il tamburo del protagonista e la favella carezzevole dell&#8217;asinello Mos\u00e8.<\/p>\n<p><img decoding=\"async\" loading=\"lazy\" width=\"1024\" height=\"682\" title=\"1437142833594\" class=\"aligncenter size-large wp-image-82073\" alt=\"\" src=\"https:\/\/www.leccecronaca.it\/wordpress\/wp-content\/uploads\/2016\/04\/1437142833594-1024x682.jpg\" srcset=\"https:\/\/www.leccecronaca.it\/wordpress\/wp-content\/uploads\/2016\/04\/1437142833594-1024x682.jpg 1024w, https:\/\/www.leccecronaca.it\/wordpress\/wp-content\/uploads\/2016\/04\/1437142833594-300x200.jpg 300w, https:\/\/www.leccecronaca.it\/wordpress\/wp-content\/uploads\/2016\/04\/1437142833594-768x512.jpg 768w, https:\/\/www.leccecronaca.it\/wordpress\/wp-content\/uploads\/2016\/04\/1437142833594-1536x1023.jpg 1536w, https:\/\/www.leccecronaca.it\/wordpress\/wp-content\/uploads\/2016\/04\/1437142833594-2048x1364.jpg 2048w\" sizes=\"(max-width: 1024px) 100vw, 1024px\" \/><\/p>\n<p>Cercate questo lavoro filmico dove vi \u00e8 possibile, perch\u00e9 detiene anche un risvolto di bont\u00e0, infatti\u00a0parte del ricavato di esso\u00a0andr\u00e0 a sostegno dell&#8217;AILR (Associazione Italiana per la Lotta al Retinoblastoma) causa alla quale Lino Banfi e Mariagrazia Cucinotta sono\u00a0\u00a0valorosi testimonial.<\/p>\n<p><img decoding=\"async\" loading=\"lazy\" width=\"1024\" height=\"956\" title=\"ailr1\" class=\"aligncenter size-large wp-image-82070\" alt=\"\" src=\"https:\/\/www.leccecronaca.it\/wordpress\/wp-content\/uploads\/2016\/04\/ailr1-1024x956.png\" \/><\/p>\n<p>Vi ricordo che stasera parte la gara dei cortometraggi per il concorso &#8220;Puglia Show&#8221;, assieme, ovviamente, a una selezione interessante di film europei e italiani che verr\u00e0 proiettata in distinte sale del Cinema Massimo.<\/p>\n<p>Buon Cinema Europeo a tutti!<\/p>\n<p>&nbsp;<\/p>\n<fb:like href='https:\/\/www.leccecronaca.it\/index.php\/2016\/04\/19\/dallocchio-al-cuore-speciale-festival-del-cinema-europeo-con-asino-vola-linaugurazione-incensata-da-lino-banfi-e-mariagrazia-cucinotta\/' send='true' layout='button_count' show_faces='true' width='450' height='65' action='recommend' colorscheme='light' font='lucida grande'><\/fb:like><span class=\"fb_share\"><fb:like href=\"https:\/\/www.leccecronaca.it\/index.php\/2016\/04\/19\/dallocchio-al-cuore-speciale-festival-del-cinema-europeo-con-asino-vola-linaugurazione-incensata-da-lino-banfi-e-mariagrazia-cucinotta\/\" layout=\"button_count\"><\/fb:like><\/span>","protected":false},"excerpt":{"rendered":"<p>di Annibale Gagliani______ Si respira una brezza\u00a0frizzante in questa Lecce che ha ripescato dall&#8217;armadio polveroso lo smoking bianco delle occasioni irripetibili. Centro gravitazionale di feelings, sfumature europee e fotogrammi sognanti \u00e8 un occhio, quello purple style del diciassettesimo Festival del Cinema Europeo. L&#8217;inaugurazione \u00e8 stata notevolmente\u00a0apprezzata dalla cr\u00e8me\u00a0produttiva della\u00a0ville, e ci\u00f2 non era affatto scontato.\u00a0Ha\u00a0influito\u00a0la\u00a0vicinanza [&hellip;]<\/p>\n","protected":false},"author":4,"featured_media":82073,"comment_status":"open","ping_status":"closed","sticky":false,"template":"","format":"standard","meta":[],"categories":[1,31,75],"tags":[],"_links":{"self":[{"href":"https:\/\/www.leccecronaca.it\/index.php\/wp-json\/wp\/v2\/posts\/82041"}],"collection":[{"href":"https:\/\/www.leccecronaca.it\/index.php\/wp-json\/wp\/v2\/posts"}],"about":[{"href":"https:\/\/www.leccecronaca.it\/index.php\/wp-json\/wp\/v2\/types\/post"}],"author":[{"embeddable":true,"href":"https:\/\/www.leccecronaca.it\/index.php\/wp-json\/wp\/v2\/users\/4"}],"replies":[{"embeddable":true,"href":"https:\/\/www.leccecronaca.it\/index.php\/wp-json\/wp\/v2\/comments?post=82041"}],"version-history":[{"count":6,"href":"https:\/\/www.leccecronaca.it\/index.php\/wp-json\/wp\/v2\/posts\/82041\/revisions"}],"predecessor-version":[{"id":82075,"href":"https:\/\/www.leccecronaca.it\/index.php\/wp-json\/wp\/v2\/posts\/82041\/revisions\/82075"}],"wp:featuredmedia":[{"embeddable":true,"href":"https:\/\/www.leccecronaca.it\/index.php\/wp-json\/wp\/v2\/media\/82073"}],"wp:attachment":[{"href":"https:\/\/www.leccecronaca.it\/index.php\/wp-json\/wp\/v2\/media?parent=82041"}],"wp:term":[{"taxonomy":"category","embeddable":true,"href":"https:\/\/www.leccecronaca.it\/index.php\/wp-json\/wp\/v2\/categories?post=82041"},{"taxonomy":"post_tag","embeddable":true,"href":"https:\/\/www.leccecronaca.it\/index.php\/wp-json\/wp\/v2\/tags?post=82041"}],"curies":[{"name":"wp","href":"https:\/\/api.w.org\/{rel}","templated":true}]}}