{"id":82338,"date":"2016-04-22T00:07:20","date_gmt":"2016-04-21T22:07:20","guid":{"rendered":"http:\/\/www.leccecronaca.it\/?p=82338"},"modified":"2016-04-21T12:51:06","modified_gmt":"2016-04-21T10:51:06","slug":"diario-del-giorno-prima-il-tam-tam-di-annibale-50","status":"publish","type":"post","link":"https:\/\/www.leccecronaca.it\/index.php\/2016\/04\/22\/diario-del-giorno-prima-il-tam-tam-di-annibale-50\/","title":{"rendered":"DIARIO DEL GIORNO PRIMA \/ IL TAM TAM DI ANNIBALE"},"content":{"rendered":"<p>ITALIA______<\/p>\n<p>REGGIO CALABRIA &#8211; Quattro medici arrestati e posti ai domiciliari nella giornata di ieri, senza contare altri sei dottori e un&#8217;ostetrica sospesi dalla professione per mano della Procura di Reggio Calabria. Parliamo di un&#8217; inchiesta della Guardia di Finanza, attivata nei reparti di Ostetricia e Ginecologia, di Neonatologia e di Anestesia degli &#8220;Ospedali riuniti&#8221; di Reggio, che ha portato alla luce un sistema di copertura illecito che celava errori commessi in interventi sui pazienti. Gli episodi di malasanit\u00e0 al centro dell&#8217; indagine riguardano la morte di due neonati e le lesioni gravissime riportate da un altro bambino, dichiarato invalido al cento per cento. L&#8217;inchiesta riguarda anche traumi di una partoriente, il procurato aborto di una donna non consenziente e le lacerazioni di parti intime di molte altre. Una macelleria, non un ospedale.<\/p>\n<p>&nbsp;<\/p>\n<p><img decoding=\"async\" loading=\"lazy\" src=\"https:\/\/www.leccecronaca.it\/wordpress\/wp-content\/uploads\/2016\/04\/n-CARBONE-large570.jpg\" alt=\"\" title=\"n-CARBONE-large570\" width=\"570\" height=\"238\" class=\"aligncenter size-full wp-image-82341\" srcset=\"https:\/\/www.leccecronaca.it\/wordpress\/wp-content\/uploads\/2016\/04\/n-CARBONE-large570.jpg 570w, https:\/\/www.leccecronaca.it\/wordpress\/wp-content\/uploads\/2016\/04\/n-CARBONE-large570-300x125.jpg 300w\" sizes=\"(max-width: 570px) 100vw, 570px\" \/>ITALIA______<\/p>\n<p>ROMA &#8211; Il termine &#8220;ciaone&#8221; entra a sorpresa nel dizionario Treccani. Un neologismo giovanilistico reso noto dal tweet del deputato Pd Ernesto Carbone (che regalava un dissacrante &#8220;ciaone&#8221; ai promotori del referendum dopo che il quorum non era stato superato). Il testo Treccani lo inserir\u00e0 tra i nuovi lemmi per\u00a0 l&#8217;aggiornamento in atto della prima edizione del 2008.\u00a0 La curatrice del dizionario, Valeria Della Valle, che di mestiere fa la linguista, spiega la controversa scelta: &#8220;Ciaone \u00e8 un accrescitivo di ciao ed \u00e8 usato a fini scherzosi, in particolare tra i giovani, nel cinema, nella musica. Nel dizionario dei neologismi inseriamo quelle parole che prendono piede sui mass media, e sicuramente ciaone ormai \u00e8 a pieno diritto tra queste&#8221;. Possiamo dire che il cresciutello Ernesto ha rubato la scena al piccolo Matteo di &#8220;petaloso&#8221;, che di certo avrebbe preferito &#8220;ciaoso&#8221; come soluzione, oltre a un mare pulito per le sue passeggiate domenicali.<\/p>\n<p>&nbsp;<\/p>\n<p>MONDO______<\/p>\n<p>WASHINGTON &#8211; Un bambino di 2 anni \u00e8 morto per una tragica fatalit\u00e0 nella notte di ieri in un appartamento di Indianapolis (Washington). Il piccolo ha incidentalmente esploso contro se stesso un colpo d&#8217;arma da fuoco inspiegabilmente finita nelle sue mani. Secondo i rilievi della Polizia l&#8217;incidente \u00e8 avvenuto in un appartamento nella zona nord-occidentale della citt\u00e0 e in quegli istanti un pompiere \u00e8 riuscito a intervenire trasportandolo in ospedale, ma \u00e8 stato tutto inutile. Rimane il mistero della precisa dinamica della tragedia e se qualcuno dei familiari fosse in casa al momento dello sparo.<\/p>\n<p>&nbsp;<\/p>\n<p>&nbsp;<\/p>\n<fb:like href='https:\/\/www.leccecronaca.it\/index.php\/2016\/04\/22\/diario-del-giorno-prima-il-tam-tam-di-annibale-50\/' send='true' layout='button_count' show_faces='true' width='450' height='65' action='recommend' colorscheme='light' font='lucida grande'><\/fb:like><span class=\"fb_share\"><fb:like href=\"https:\/\/www.leccecronaca.it\/index.php\/2016\/04\/22\/diario-del-giorno-prima-il-tam-tam-di-annibale-50\/\" layout=\"button_count\"><\/fb:like><\/span>","protected":false},"excerpt":{"rendered":"<p>ITALIA______ REGGIO CALABRIA &#8211; Quattro medici arrestati e posti ai domiciliari nella giornata di ieri, senza contare altri sei dottori e un&#8217;ostetrica sospesi dalla professione per mano della Procura di Reggio Calabria. Parliamo di un&#8217; inchiesta della Guardia di Finanza, attivata nei reparti di Ostetricia e Ginecologia, di Neonatologia e di Anestesia degli &#8220;Ospedali riuniti&#8221; [&hellip;]<\/p>\n","protected":false},"author":4,"featured_media":82341,"comment_status":"open","ping_status":"closed","sticky":false,"template":"","format":"standard","meta":[],"categories":[1,69,76],"tags":[],"_links":{"self":[{"href":"https:\/\/www.leccecronaca.it\/index.php\/wp-json\/wp\/v2\/posts\/82338"}],"collection":[{"href":"https:\/\/www.leccecronaca.it\/index.php\/wp-json\/wp\/v2\/posts"}],"about":[{"href":"https:\/\/www.leccecronaca.it\/index.php\/wp-json\/wp\/v2\/types\/post"}],"author":[{"embeddable":true,"href":"https:\/\/www.leccecronaca.it\/index.php\/wp-json\/wp\/v2\/users\/4"}],"replies":[{"embeddable":true,"href":"https:\/\/www.leccecronaca.it\/index.php\/wp-json\/wp\/v2\/comments?post=82338"}],"version-history":[{"count":3,"href":"https:\/\/www.leccecronaca.it\/index.php\/wp-json\/wp\/v2\/posts\/82338\/revisions"}],"predecessor-version":[{"id":82340,"href":"https:\/\/www.leccecronaca.it\/index.php\/wp-json\/wp\/v2\/posts\/82338\/revisions\/82340"}],"wp:featuredmedia":[{"embeddable":true,"href":"https:\/\/www.leccecronaca.it\/index.php\/wp-json\/wp\/v2\/media\/82341"}],"wp:attachment":[{"href":"https:\/\/www.leccecronaca.it\/index.php\/wp-json\/wp\/v2\/media?parent=82338"}],"wp:term":[{"taxonomy":"category","embeddable":true,"href":"https:\/\/www.leccecronaca.it\/index.php\/wp-json\/wp\/v2\/categories?post=82338"},{"taxonomy":"post_tag","embeddable":true,"href":"https:\/\/www.leccecronaca.it\/index.php\/wp-json\/wp\/v2\/tags?post=82338"}],"curies":[{"name":"wp","href":"https:\/\/api.w.org\/{rel}","templated":true}]}}