{"id":82722,"date":"2016-04-27T00:08:52","date_gmt":"2016-04-26T22:08:52","guid":{"rendered":"http:\/\/www.leccecronaca.it\/?p=82722"},"modified":"2016-04-24T18:51:16","modified_gmt":"2016-04-24T16:51:16","slug":"diario-del-giorno-dopo-locali-tributo-agli-u2-a-leverano-giovedi-28","status":"publish","type":"post","link":"https:\/\/www.leccecronaca.it\/index.php\/2016\/04\/27\/diario-del-giorno-dopo-locali-tributo-agli-u2-a-leverano-giovedi-28\/","title":{"rendered":"DIARIO DEL GIORNO DOPO \/ LOCALI \/ TRIBUTO AGLI U2 A LEVERANO GIOVEDI&#8217; 28"},"content":{"rendered":"<p><img decoding=\"async\" loading=\"lazy\" width=\"300\" height=\"168\" title=\"maxresdefault\" class=\"alignleft size-medium wp-image-82723\" alt=\"\" src=\"https:\/\/www.leccecronaca.it\/wordpress\/wp-content\/uploads\/2016\/04\/maxresdefault3-300x168.jpg\" \/>Gioved\u00ec 28 aprile, alle 21.30, a Leverano, al Bar Retr\u00f2, in via Fratelli Rosselli, 153, ci sar\u00e0 la U2 TRIBUTE NIGHT: un tributo curato nei minimi dettagli per far respirare l&#8217;atmosfera caratteristica di una delle band che hanno fatto la storia della musica.<\/p>\n<p>Un viaggio tra i brani che hanno fatto la storia della band irlandese: dagli esordi con GLORIA, I WILL FOLLOW, PARTY GIRL, passando per capolavori come ACROBAT, ONE, THE UNFORGETTABLE FIRE, EXIT, BEAUTIFUL DAY e WHERE THE STREETS HAVE NO NAME fino ad arrivare agli ultimi lavori come MAGNIFICENT, VERTIGO, ORDINARY LOVE ed i brani del nuovo album SONGS OF INNOCENCE!<\/p>\n<p>Ingresso libero.<\/p>\n<p>&nbsp;<\/p>\n<p>&nbsp;<\/p>\n<p>&nbsp;<\/p>\n<p>&nbsp;<\/p>\n<p>&nbsp;<\/p>\n<p>&nbsp;<\/p>\n<fb:like href='https:\/\/www.leccecronaca.it\/index.php\/2016\/04\/27\/diario-del-giorno-dopo-locali-tributo-agli-u2-a-leverano-giovedi-28\/' send='true' layout='button_count' show_faces='true' width='450' height='65' action='recommend' colorscheme='light' font='lucida grande'><\/fb:like><span class=\"fb_share\"><fb:like href=\"https:\/\/www.leccecronaca.it\/index.php\/2016\/04\/27\/diario-del-giorno-dopo-locali-tributo-agli-u2-a-leverano-giovedi-28\/\" layout=\"button_count\"><\/fb:like><\/span>","protected":false},"excerpt":{"rendered":"<p>Gioved\u00ec 28 aprile, alle 21.30, a Leverano, al Bar Retr\u00f2, in via Fratelli Rosselli, 153, ci sar\u00e0 la U2 TRIBUTE NIGHT: un tributo curato nei minimi dettagli per far respirare l&#8217;atmosfera caratteristica di una delle band che hanno fatto la storia della musica. Un viaggio tra i brani che hanno fatto la storia della band [&hellip;]<\/p>\n","protected":false},"author":4,"featured_media":82723,"comment_status":"open","ping_status":"closed","sticky":false,"template":"","format":"standard","meta":[],"categories":[75],"tags":[],"_links":{"self":[{"href":"https:\/\/www.leccecronaca.it\/index.php\/wp-json\/wp\/v2\/posts\/82722"}],"collection":[{"href":"https:\/\/www.leccecronaca.it\/index.php\/wp-json\/wp\/v2\/posts"}],"about":[{"href":"https:\/\/www.leccecronaca.it\/index.php\/wp-json\/wp\/v2\/types\/post"}],"author":[{"embeddable":true,"href":"https:\/\/www.leccecronaca.it\/index.php\/wp-json\/wp\/v2\/users\/4"}],"replies":[{"embeddable":true,"href":"https:\/\/www.leccecronaca.it\/index.php\/wp-json\/wp\/v2\/comments?post=82722"}],"version-history":[{"count":1,"href":"https:\/\/www.leccecronaca.it\/index.php\/wp-json\/wp\/v2\/posts\/82722\/revisions"}],"predecessor-version":[{"id":82724,"href":"https:\/\/www.leccecronaca.it\/index.php\/wp-json\/wp\/v2\/posts\/82722\/revisions\/82724"}],"wp:featuredmedia":[{"embeddable":true,"href":"https:\/\/www.leccecronaca.it\/index.php\/wp-json\/wp\/v2\/media\/82723"}],"wp:attachment":[{"href":"https:\/\/www.leccecronaca.it\/index.php\/wp-json\/wp\/v2\/media?parent=82722"}],"wp:term":[{"taxonomy":"category","embeddable":true,"href":"https:\/\/www.leccecronaca.it\/index.php\/wp-json\/wp\/v2\/categories?post=82722"},{"taxonomy":"post_tag","embeddable":true,"href":"https:\/\/www.leccecronaca.it\/index.php\/wp-json\/wp\/v2\/tags?post=82722"}],"curies":[{"name":"wp","href":"https:\/\/api.w.org\/{rel}","templated":true}]}}