{"id":82919,"date":"2016-04-30T00:08:27","date_gmt":"2016-04-29T22:08:27","guid":{"rendered":"http:\/\/www.leccecronaca.it\/?p=82919"},"modified":"2016-04-26T15:32:07","modified_gmt":"2016-04-26T13:32:07","slug":"diario-del-giorno-dopo-feste-canti-e-danze-kurumuny-a-martano-domenica-1","status":"publish","type":"post","link":"https:\/\/www.leccecronaca.it\/index.php\/2016\/04\/30\/diario-del-giorno-dopo-feste-canti-e-danze-kurumuny-a-martano-domenica-1\/","title":{"rendered":"DIARIO DEL GIORNO DOPO \/ FESTE \/ CANTI E DANZE KURUMUNY A MARTANO DOMENICA 1"},"content":{"rendered":"<p><img decoding=\"async\" loading=\"lazy\" width=\"300\" height=\"202\" title=\"88\" class=\"aligncenter size-medium wp-image-82920\" alt=\"\" src=\"https:\/\/www.leccecronaca.it\/wordpress\/wp-content\/uploads\/2016\/04\/88-300x202.jpg\" \/>Domenica 1 maggio, a Martano, localit\u00e0 Kurumuny,\u00a0 nei pressi dell&#8217;uscita per Castrignano de&#8217; Greci sulla SS16 Lecce-Maglie, si terr\u00e0 la &#8220;Festa del Primo Maggio a Kurumuny&#8221;, appuntamento tradizionale organizzato dall&#8217;omonima casa editrice in collaborazione con l\u2019Associazione Ambr\u00f2 e con il patrocino del Comune di Martano.<\/p>\n<p>La quindicesima edizione \u00e8 dedicata a Lucia Assunta De Pascalis, grande interprete del canto popolare di tradizione orale del Salento.<\/p>\n<p>Al Primo Maggio a Kurumuny si celebra il lavoro, con una lunga giornata che comincer\u00e0 con le prime luci del mattino e proseguir\u00e0 fino al tramonto, tra musica, arte, solidariet\u00e0, libri, vino, pane e carne arrosto.<\/p>\n<p>Il pranzo \u00e8 autogestito dai singoli partecipanti mentre l\u2019organizzazione offre vino (finch\u00e9 ce n&#8217;\u00e8) e pane, e mette a disposizione di tutti bracieri per gli arrosti.<\/p>\n<p>Tra gli artisti che si esibiranno quest&#8217;anno, alcuni protagonisti della musica popolare di riproposta che si ritroveranno insieme per un viaggio nella musica di tradizione orale del Salento.<\/p>\n<p>Ninfa Giannuzzi, Rachele Andrioli, Simona Gubello e Meli Hajderaj presenteranno in anteprima il loro nuovo progetto discografico Rosamarino,<\/p>\n<p>I Mascarimir\u00ec proporranno in anteprima Pizzica dance hall party, un dj\/live set dove la musica salentina incontra il Sound System per avvicinarsi ai codici musicali contemporanei.<\/p>\n<p>Inoltre si alterneranno sul palco Manifattura Clandestina, band nata nel 2005 che al ritmo di folk suona e canta il quotidiano e il sogno di un mondo migliore possibile; Sombra Negra che con il loro sound accompagneranno i partecipanti tra Spagna e Sud America: flamenco e patchanka costituiscono il pretesto per un ritmo caldo e coinvolgente fatto di sonorit\u00e0 contemporanee; infine dj set di Stef Nutz conduttore della trasmissione Border\u00f2 su ZeroWebRadio che proporr\u00e0 pezzi pop, classic rock e surf degli anni 60\/70\/80\/90.<\/p>\n<p>Ingresso con tessera sociale a 5 euro.<\/p>\n<p>&nbsp;<\/p>\n<fb:like href='https:\/\/www.leccecronaca.it\/index.php\/2016\/04\/30\/diario-del-giorno-dopo-feste-canti-e-danze-kurumuny-a-martano-domenica-1\/' send='true' layout='button_count' show_faces='true' width='450' height='65' action='recommend' colorscheme='light' font='lucida grande'><\/fb:like><span class=\"fb_share\"><fb:like href=\"https:\/\/www.leccecronaca.it\/index.php\/2016\/04\/30\/diario-del-giorno-dopo-feste-canti-e-danze-kurumuny-a-martano-domenica-1\/\" layout=\"button_count\"><\/fb:like><\/span>","protected":false},"excerpt":{"rendered":"<p>Domenica 1 maggio, a Martano, localit\u00e0 Kurumuny,\u00a0 nei pressi dell&#8217;uscita per Castrignano de&#8217; Greci sulla SS16 Lecce-Maglie, si terr\u00e0 la &#8220;Festa del Primo Maggio a Kurumuny&#8221;, appuntamento tradizionale organizzato dall&#8217;omonima casa editrice in collaborazione con l\u2019Associazione Ambr\u00f2 e con il patrocino del Comune di Martano. La quindicesima edizione \u00e8 dedicata a Lucia Assunta De Pascalis, [&hellip;]<\/p>\n","protected":false},"author":4,"featured_media":82920,"comment_status":"open","ping_status":"closed","sticky":false,"template":"","format":"standard","meta":[],"categories":[1],"tags":[],"_links":{"self":[{"href":"https:\/\/www.leccecronaca.it\/index.php\/wp-json\/wp\/v2\/posts\/82919"}],"collection":[{"href":"https:\/\/www.leccecronaca.it\/index.php\/wp-json\/wp\/v2\/posts"}],"about":[{"href":"https:\/\/www.leccecronaca.it\/index.php\/wp-json\/wp\/v2\/types\/post"}],"author":[{"embeddable":true,"href":"https:\/\/www.leccecronaca.it\/index.php\/wp-json\/wp\/v2\/users\/4"}],"replies":[{"embeddable":true,"href":"https:\/\/www.leccecronaca.it\/index.php\/wp-json\/wp\/v2\/comments?post=82919"}],"version-history":[{"count":1,"href":"https:\/\/www.leccecronaca.it\/index.php\/wp-json\/wp\/v2\/posts\/82919\/revisions"}],"predecessor-version":[{"id":82921,"href":"https:\/\/www.leccecronaca.it\/index.php\/wp-json\/wp\/v2\/posts\/82919\/revisions\/82921"}],"wp:featuredmedia":[{"embeddable":true,"href":"https:\/\/www.leccecronaca.it\/index.php\/wp-json\/wp\/v2\/media\/82920"}],"wp:attachment":[{"href":"https:\/\/www.leccecronaca.it\/index.php\/wp-json\/wp\/v2\/media?parent=82919"}],"wp:term":[{"taxonomy":"category","embeddable":true,"href":"https:\/\/www.leccecronaca.it\/index.php\/wp-json\/wp\/v2\/categories?post=82919"},{"taxonomy":"post_tag","embeddable":true,"href":"https:\/\/www.leccecronaca.it\/index.php\/wp-json\/wp\/v2\/tags?post=82919"}],"curies":[{"name":"wp","href":"https:\/\/api.w.org\/{rel}","templated":true}]}}