{"id":83057,"date":"2016-04-29T12:02:15","date_gmt":"2016-04-29T10:02:15","guid":{"rendered":"http:\/\/www.leccecronaca.it\/?p=83057"},"modified":"2016-04-29T12:09:37","modified_gmt":"2016-04-29T10:09:37","slug":"c-eravamo-tanto-amati-il-giorno-dopo-lo-strappo-di-roma-che-si-proiettera-inevitabilmente-sull-immediato-futuro-in-tutta-italia-litigano-in-diretta-radiofonica-i-te-leader-i-un-entro-d","status":"publish","type":"post","link":"https:\/\/www.leccecronaca.it\/index.php\/2016\/04\/29\/c-eravamo-tanto-amati-il-giorno-dopo-lo-strappo-di-roma-che-si-proiettera-inevitabilmente-sull-immediato-futuro-in-tutta-italia-litigano-in-diretta-radiofonica-i-te-leader-i-un-entro-d\/","title":{"rendered":"C&#8217; ERAVAMO TANTO AMATI \/ IL GIORNO DOPO LO &#8216;STRAPPO&#8217; DI ROMA, CHE SI PROIETTERA&#8217; INEVITABILMENTE SULL&#8217; IMMEDIATO FUTURO IN TUTTA ITALIA, LITIGANO IN DIRETTA RADIOFONICA I TRE LEADER DI UN CENTRO &#8211; DESTRA CHE PRATICAMENTE GIA&#8217; NON ESISTE PIU&#8217;"},"content":{"rendered":"<p><img decoding=\"async\" loading=\"lazy\" width=\"960\" height=\"720\" title=\"12188918_10153363402198155_1811749416911875683_n\" class=\"aligncenter size-full wp-image-83059\" alt=\"\" src=\"https:\/\/www.leccecronaca.it\/wordpress\/wp-content\/uploads\/2016\/04\/12188918_10153363402198155_1811749416911875683_n.jpg\" srcset=\"https:\/\/www.leccecronaca.it\/wordpress\/wp-content\/uploads\/2016\/04\/12188918_10153363402198155_1811749416911875683_n.jpg 960w, https:\/\/www.leccecronaca.it\/wordpress\/wp-content\/uploads\/2016\/04\/12188918_10153363402198155_1811749416911875683_n-300x225.jpg 300w, https:\/\/www.leccecronaca.it\/wordpress\/wp-content\/uploads\/2016\/04\/12188918_10153363402198155_1811749416911875683_n-768x576.jpg 768w, https:\/\/www.leccecronaca.it\/wordpress\/wp-content\/uploads\/2016\/04\/12188918_10153363402198155_1811749416911875683_n-400x300.jpg 400w\" sizes=\"(max-width: 960px) 100vw, 960px\" \/>(Rdl)______Sei mesi dopo l&#8217; abbraccio sul palco di Bologna che sembrava dovesse rilanciare la coalizione, mattinata vivace di polemiche politiche, sul fronte del centro &#8211; destra, spaccato sulla scelta del candidato sindaco a Roma, il giorno dopo la decisione di Forza Italia di appoggiare Alfio Marchini alla corsa al Campidoglio\u00a0rinunciando a\u00a0Guido Bertolaso.<\/p>\n<p>Le loro dichiarazioni ai microfoni di Radio 1 Rai sono state ampiamente riprese sul web e sono gi\u00e0 al centro di un caso, destinato a cambiare gli scenari politici nell&#8217; immediato futuro, non solamente a Roma.<\/p>\n<p>&#8220;<em>Se permette, il centro &#8211; destra l&#8217; ho inventato io<\/em>&#8220;, ha tenuto a puntualizzare Silvio Berlusconi; e se ci\u00f2 storicamente \u00e8 vero, dal 1994, con una fusione a freddo, storicamente figlia di quel momento, poi sopravvissuta sempre pi\u00f9 a fatica, fino all&#8217; implosione del Pdl, \u00e8 altrettanto vero che l&#8217; ha praticamene distrutto nell&#8217; attualit\u00e0, scegliendo di posizionarsi \u00a0sul versante &#8220;centrista, moderato, librale&#8221;, sostenendo a Roma il candidato &#8220;indipendente&#8221; appoggiato pure da Casini e Fini, per quel che rimane dei loro partiti, e lasciando spazio autonomo a una destra &#8220;lepenista e populista&#8221; in cui Fratelli d&#8217; Italia e Lega di Salvini rimangono, perfettamente omogenei, da soli.<\/p>\n<p>In molti hanno visto nella mossa del leader di Forza Italia un favore al Pd, un tentativo di tenersi buono il governo Renzi, che sta per mettere mano a provvedimenti che interessano direttamente e pesantemente le attivit\u00e0 imprenditoriali del &#8216;Cavaliere&#8217;, un abbozzo di nuove alleanze, in vista della formazione del tanto chiacchierato &#8216;Partito della Nazione&#8217;.<\/p>\n<p>Ipotesi che &#8216;stamattina Silvio Berlusconi ha respinto: <em>&#8220;Un nuovo patto del Nazareno? Nulla di pi\u00f9 lontano dal vero, noi dobbiamo porre fine al governo di Renzi, un governo illegittimo e abusivo che \u00e8 contro il voto del popolo. Noi dobbiamo mettere fine all&#8217;emergenza democratica quindi una decisione su Roma non cambia questo atteggiamento&#8221;<\/em>; e anzi ha lasciato spiragli aperti agli ex alleati: <em>&#8220;Divisi perdiamo. Non c&#8217;\u00e8 un centrodestra vincente senza di noi, sarebbe solo di testimonianza e per vincere invece dobbiamo ritrovare i voti dei moderati<\/em>&#8220;.<\/p>\n<p>Agli stessi microfoni, si sono avvicendati sia Giorgia Meloni, sia Matteo Salvini.<\/p>\n<p>La prima ha proclamato:<em> &#8220;Noi siamo per il centrodestra moderato non inciucisista. FI vuole andare a rafforzare un governo infame.\u00a0Io sono convinta che l&#8217;unit\u00e0 del centrodestra sia una bella cosa, ci abbiamo lavorato noi in queste settimane, con tutte le nostre energie, i sondaggi dicono che c&#8217;\u00e8 un modo solo per vincere a Roma: se il centrodestra sostenesse Giorgia Meloni&#8230;Ma ora loro hanno fatto una scelta con l&#8217;obiettivo di tentare di impedire alla Meloni di arrivare al ballottaggio. Si vuole far vincere il candidato di Renzi, che sta un po&#8217; in difficolt\u00e0, l&#8217;unico obiettivo serio dell&#8217;operazione di Berlusconi \u00e8 questo, Marchini non ci arriva al ballottaggio, poi vedremo, purtroppo lo sapremo troppo tardi<\/em>&#8220;.<\/p>\n<p>Durissimo con l&#8217; ex alleato anche il secondo:\u00a0<em>&#8220;Il tempo passa per tutti, anche per Berlusconi: non puoi raccontare le stesse cose per vent&#8217;anni. L&#8217;alleanza che sta dietro Marchini \u00e8 l&#8217;alleanza di vent&#8217;anni fa: Berlusconi, Fini, Casini. Berlusconi ormai non \u00e8 moderato, \u00e8 moderato nelle urne nel senso che prende pochi voti.\u00a0La divisione \u00e8 tra chi \u00e8 libero e chi, invece, ha legami economici. Sicuramente il fatto che Renzi fa leggi che riguardano le sue aziende anche qualunque ascoltatore nei panni di Berlusconi agirebbe nella stessa maniera. Io non divido il centrodestra tra lepenisti e moderati: io direi tra coloro che sono liberi e chi ha legami e vincoli. La divisione tra interessi e politica a questo punto \u00e8 fondamentale&#8221;.<\/em><\/p>\n<p>&nbsp;<\/p>\n<fb:like href='https:\/\/www.leccecronaca.it\/index.php\/2016\/04\/29\/c-eravamo-tanto-amati-il-giorno-dopo-lo-strappo-di-roma-che-si-proiettera-inevitabilmente-sull-immediato-futuro-in-tutta-italia-litigano-in-diretta-radiofonica-i-te-leader-i-un-entro-d\/' send='true' layout='button_count' show_faces='true' width='450' height='65' action='recommend' colorscheme='light' font='lucida grande'><\/fb:like><span class=\"fb_share\"><fb:like href=\"https:\/\/www.leccecronaca.it\/index.php\/2016\/04\/29\/c-eravamo-tanto-amati-il-giorno-dopo-lo-strappo-di-roma-che-si-proiettera-inevitabilmente-sull-immediato-futuro-in-tutta-italia-litigano-in-diretta-radiofonica-i-te-leader-i-un-entro-d\/\" layout=\"button_count\"><\/fb:like><\/span>","protected":false},"excerpt":{"rendered":"<p>(Rdl)______Sei mesi dopo l&#8217; abbraccio sul palco di Bologna che sembrava dovesse rilanciare la coalizione, mattinata vivace di polemiche politiche, sul fronte del centro &#8211; destra, spaccato sulla scelta del candidato sindaco a Roma, il giorno dopo la decisione di Forza Italia di appoggiare Alfio Marchini alla corsa al Campidoglio\u00a0rinunciando a\u00a0Guido Bertolaso. Le loro dichiarazioni [&hellip;]<\/p>\n","protected":false},"author":4,"featured_media":83059,"comment_status":"open","ping_status":"closed","sticky":false,"template":"","format":"standard","meta":[],"categories":[69,76],"tags":[],"_links":{"self":[{"href":"https:\/\/www.leccecronaca.it\/index.php\/wp-json\/wp\/v2\/posts\/83057"}],"collection":[{"href":"https:\/\/www.leccecronaca.it\/index.php\/wp-json\/wp\/v2\/posts"}],"about":[{"href":"https:\/\/www.leccecronaca.it\/index.php\/wp-json\/wp\/v2\/types\/post"}],"author":[{"embeddable":true,"href":"https:\/\/www.leccecronaca.it\/index.php\/wp-json\/wp\/v2\/users\/4"}],"replies":[{"embeddable":true,"href":"https:\/\/www.leccecronaca.it\/index.php\/wp-json\/wp\/v2\/comments?post=83057"}],"version-history":[{"count":4,"href":"https:\/\/www.leccecronaca.it\/index.php\/wp-json\/wp\/v2\/posts\/83057\/revisions"}],"predecessor-version":[{"id":83062,"href":"https:\/\/www.leccecronaca.it\/index.php\/wp-json\/wp\/v2\/posts\/83057\/revisions\/83062"}],"wp:featuredmedia":[{"embeddable":true,"href":"https:\/\/www.leccecronaca.it\/index.php\/wp-json\/wp\/v2\/media\/83059"}],"wp:attachment":[{"href":"https:\/\/www.leccecronaca.it\/index.php\/wp-json\/wp\/v2\/media?parent=83057"}],"wp:term":[{"taxonomy":"category","embeddable":true,"href":"https:\/\/www.leccecronaca.it\/index.php\/wp-json\/wp\/v2\/categories?post=83057"},{"taxonomy":"post_tag","embeddable":true,"href":"https:\/\/www.leccecronaca.it\/index.php\/wp-json\/wp\/v2\/tags?post=83057"}],"curies":[{"name":"wp","href":"https:\/\/api.w.org\/{rel}","templated":true}]}}