{"id":83317,"date":"2016-05-01T18:46:15","date_gmt":"2016-05-01T16:46:15","guid":{"rendered":"http:\/\/www.leccecronaca.it\/?p=83317"},"modified":"2016-05-01T18:46:15","modified_gmt":"2016-05-01T16:46:15","slug":"laura-boldrini-a-mesagne-contro-il-caporalato","status":"publish","type":"post","link":"https:\/\/www.leccecronaca.it\/index.php\/2016\/05\/01\/laura-boldrini-a-mesagne-contro-il-caporalato\/","title":{"rendered":"LAURA BOLDRINI A MESAGNE CONTRO IL CAPORALATO"},"content":{"rendered":"<p><img decoding=\"async\" loading=\"lazy\" width=\"960\" height=\"720\" title=\"BAL\" class=\"alignleft size-full wp-image-83318\" alt=\"\" src=\"https:\/\/www.leccecronaca.it\/wordpress\/wp-content\/uploads\/2016\/05\/BAL.jpg\" srcset=\"https:\/\/www.leccecronaca.it\/wordpress\/wp-content\/uploads\/2016\/05\/BAL.jpg 960w, https:\/\/www.leccecronaca.it\/wordpress\/wp-content\/uploads\/2016\/05\/BAL-300x225.jpg 300w, https:\/\/www.leccecronaca.it\/wordpress\/wp-content\/uploads\/2016\/05\/BAL-768x576.jpg 768w, https:\/\/www.leccecronaca.it\/wordpress\/wp-content\/uploads\/2016\/05\/BAL-400x300.jpg 400w\" sizes=\"(max-width: 960px) 100vw, 960px\" \/>(e.l.)______Mattinata del primo maggio a Mesagne per la presidente della Camera Laura Boldrini,\u00a0che ha partecipato\u00a0ad una manifestazione sindacale contro il caporalato. \u00a0Cos\u00ec l&#8217; ha raccontata poco fa in un post su &#8216;Facebook&#8217;: <em>&#8220;Quello che ho sentito oggi dalle donne braccianti pugliesi, \u00e8 inaccettabile nell&#8217;era digitale. Ho ascoltato i racconti di Lucia, Antonia, Maddalena, Vita, Nica e Carmela. Una galleria del dolore: sveglia nel cuore della notte, chilometri e chilometri di viaggio per iniziare a lavorare nei campi alle 5 del mattino e per 10-12 ore di fila. Non possiamo lasciare sole queste donne, non possiamo lasciare solo chi denuncia. Il caporalato e chi se ne avvale vanno combattuti come le mafie. <\/em><\/p>\n<p><em>Ha trovato la forza di parlare anche Stefano Arcuri, il marito di Paola Clemente, morta di fatica la scorsa estate nelle campagne di Andria per raccogliere uva a 27 euro al giorno.<\/em><\/p>\n<p><em>Ho voluto celebrare con loro il primo maggio, a Mesagne, in provincia di Brindisi, in una masseria confiscata alla Sacra Corona Unita e gestita da Libera. Durante un&#8217;iniziativa organizzata dalla Flai Cgil, ho detto che lo sfruttamento non pu\u00f2 essere mai tollerato. Troppe volte abbiamo chiuso un occhio, anche due, perch\u00e9 ad esserne vittime erano i migranti, nella convinzione che a noi non sarebbe mai successo. E invece non \u00e8 cos\u00ec: se si accetta il gioco al ribasso sul lavoro non si salva nessuno.<\/em><\/p>\n<p><em>Ho sentito troppe volte dire &#8216;tolleranza zero&#8217; verso l&#8217;anello pi\u00f9 debole, verso chi si spaccava la schiena a lavorare ed era senza un permesso di soggiorno. Io invece oggi voglio dire un&#8217;altra cosa: tolleranza zero, ma verso i caporali e verso quelle aziende che sfruttano le lavoratrici e i lavoratori.<\/em><\/p>\n<p><em>Le imprese scorrette danneggiano anche le aziende sane, che ci sono e vogliono rispettare le regole, ma sono in sofferenza di fronte ai disonesti&#8221;.<\/em><\/p>\n<fb:like href='https:\/\/www.leccecronaca.it\/index.php\/2016\/05\/01\/laura-boldrini-a-mesagne-contro-il-caporalato\/' send='true' layout='button_count' show_faces='true' width='450' height='65' action='recommend' colorscheme='light' font='lucida grande'><\/fb:like><span class=\"fb_share\"><fb:like href=\"https:\/\/www.leccecronaca.it\/index.php\/2016\/05\/01\/laura-boldrini-a-mesagne-contro-il-caporalato\/\" layout=\"button_count\"><\/fb:like><\/span>","protected":false},"excerpt":{"rendered":"<p>(e.l.)______Mattinata del primo maggio a Mesagne per la presidente della Camera Laura Boldrini,\u00a0che ha partecipato\u00a0ad una manifestazione sindacale contro il caporalato. \u00a0Cos\u00ec l&#8217; ha raccontata poco fa in un post su &#8216;Facebook&#8217;: &#8220;Quello che ho sentito oggi dalle donne braccianti pugliesi, \u00e8 inaccettabile nell&#8217;era digitale. Ho ascoltato i racconti di Lucia, Antonia, Maddalena, Vita, Nica [&hellip;]<\/p>\n","protected":false},"author":4,"featured_media":83318,"comment_status":"open","ping_status":"closed","sticky":false,"template":"","format":"standard","meta":[],"categories":[69,76],"tags":[],"_links":{"self":[{"href":"https:\/\/www.leccecronaca.it\/index.php\/wp-json\/wp\/v2\/posts\/83317"}],"collection":[{"href":"https:\/\/www.leccecronaca.it\/index.php\/wp-json\/wp\/v2\/posts"}],"about":[{"href":"https:\/\/www.leccecronaca.it\/index.php\/wp-json\/wp\/v2\/types\/post"}],"author":[{"embeddable":true,"href":"https:\/\/www.leccecronaca.it\/index.php\/wp-json\/wp\/v2\/users\/4"}],"replies":[{"embeddable":true,"href":"https:\/\/www.leccecronaca.it\/index.php\/wp-json\/wp\/v2\/comments?post=83317"}],"version-history":[{"count":2,"href":"https:\/\/www.leccecronaca.it\/index.php\/wp-json\/wp\/v2\/posts\/83317\/revisions"}],"predecessor-version":[{"id":83320,"href":"https:\/\/www.leccecronaca.it\/index.php\/wp-json\/wp\/v2\/posts\/83317\/revisions\/83320"}],"wp:featuredmedia":[{"embeddable":true,"href":"https:\/\/www.leccecronaca.it\/index.php\/wp-json\/wp\/v2\/media\/83318"}],"wp:attachment":[{"href":"https:\/\/www.leccecronaca.it\/index.php\/wp-json\/wp\/v2\/media?parent=83317"}],"wp:term":[{"taxonomy":"category","embeddable":true,"href":"https:\/\/www.leccecronaca.it\/index.php\/wp-json\/wp\/v2\/categories?post=83317"},{"taxonomy":"post_tag","embeddable":true,"href":"https:\/\/www.leccecronaca.it\/index.php\/wp-json\/wp\/v2\/tags?post=83317"}],"curies":[{"name":"wp","href":"https:\/\/api.w.org\/{rel}","templated":true}]}}